{"id":11524,"date":"2020-06-21T00:05:35","date_gmt":"2020-06-20T21:05:35","guid":{"rendered":"http:\/\/www.cigdemim.org.tr\/?p=11524"},"modified":"2020-06-21T00:05:37","modified_gmt":"2020-06-20T21:05:37","slug":"onur-uyelerimiz","status":"publish","type":"post","link":"https:\/\/www.cigdemim.org.tr\/?p=11524","title":{"rendered":"ONUR \u00dcYELER\u0130M\u0130Z"},"content":{"rendered":"\n<p class=\"has-text-align-center\"><strong>\u00c7\u0130\u011eDEM\u0130M DERNE\u011e\u0130 ONUR \u00dcYELER\u0130<\/strong><\/p>\n\n\n\n<figure class=\"wp-block-table\"><table><tbody><tr><td><strong>No<\/strong><\/td><td><strong>Ad\u0131 soyad\u0131<\/strong><\/td><td class=\"has-text-align-left\" data-align=\"left\"><strong>A\u00e7\u0131klama<\/strong><\/td><td><strong>Y\u0131l<\/strong><\/td><\/tr><tr><td>1<\/td><td>Vecdi Sevi\u011f<\/td><td class=\"has-text-align-left\" data-align=\"left\">Kurucu \u00dcye<\/td><td>\u00a02014<\/td><\/tr><tr><td>2<\/td><td>Selma Aksoy<\/td><td class=\"has-text-align-left\" data-align=\"left\">Kurucu \u00dcye<\/td><td>\u00a02014<\/td><\/tr><tr><td>3<\/td><td>Pervin Ers\u00f6z<\/td><td class=\"has-text-align-left\" data-align=\"left\">Kurucu \u00dcye<\/td><td>\u00a02014<\/td><\/tr><tr><td>4<\/td><td>Hayriye Ak\u0131n<\/td><td class=\"has-text-align-left\" data-align=\"left\">Kurucu \u00dcye<\/td><td>\u00a02014<\/td><\/tr><tr><td>5<\/td><td>Hayrin\u00fcsa Nara<\/td><td class=\"has-text-align-left\" data-align=\"left\">Kurucu \u00dcye<\/td><td>\u00a02014<\/td><\/tr><tr><td>6<\/td><td>Fatih Fethi Aksoy<\/td><td class=\"has-text-align-left\" data-align=\"left\">Kurucu \u00dcye<\/td><td>\u00a02014<\/td><\/tr><tr><td>7<\/td><td>Halil Ferit Uyar<\/td><td class=\"has-text-align-left\" data-align=\"left\">Kurucu \u00dcye<\/td><td>\u00a02014<\/td><\/tr><tr><td>8<\/td><td>Vas\u0131f Berik<\/td><td class=\"has-text-align-left\" data-align=\"left\">Kurucu \u00dcye<\/td><td>\u00a02014<\/td><\/tr><tr><td>9<\/td><td>\u00dcmit Sevi\u011f<\/td><td class=\"has-text-align-left\" data-align=\"left\">Kurucu \u00dcye<\/td><td>\u00a02014<\/td><\/tr><tr><td>10<\/td><td>G\u00fclten Camc\u0131<\/td><td class=\"has-text-align-left\" data-align=\"left\">Kurucu \u00dcye<\/td><td>\u00a02014<\/td><\/tr><tr><td>11<\/td><td>Beyhan Z\u00fclalo\u011flu<\/td><td class=\"has-text-align-left\" data-align=\"left\">Kurucu \u00dcye<\/td><td>\u00a02014<\/td><\/tr><tr><td>12<\/td><td>T\u00fclay Korkmaz<\/td><td class=\"has-text-align-left\" data-align=\"left\">Kurucu \u00dcye<\/td><td>2014\u00a0<\/td><\/tr><tr><td>13<\/td><td>Seval \u00d6zkaya<\/td><td class=\"has-text-align-left\" data-align=\"left\">Kurucu \u00dcye<\/td><td>2014<\/td><\/tr><tr><td>14<\/td><td>Nursun Koray<\/td><td class=\"has-text-align-left\" data-align=\"left\">Kurucu \u00dcye<\/td><td>2014<\/td><\/tr><tr><td>15<\/td><td>Nil\u00fcfer Sara\u00e7o\u011flu<\/td><td class=\"has-text-align-left\" data-align=\"left\">Derne\u011fin mevcut mekan\u0131n\u0131n sa\u011flanmas\u0131<\/td><td>2015<\/td><\/tr><tr><td>16<\/td><td>Ali Salar<\/td><td class=\"has-text-align-left\" data-align=\"left\">Elektrik sorununun \u00e7\u00f6z\u00fclmesi<\/td><td>2015<\/td><\/tr><tr><td>17<\/td><td>Kemal Ak\u0131n<\/td><td class=\"has-text-align-left\" data-align=\"left\">Her t\u00fcrl\u00fc teknik destek.<\/td><td>2015<\/td><\/tr><tr><td>18<\/td><td>Erol \u00dcnl\u00fcer<\/td><td class=\"has-text-align-left\" data-align=\"left\">Zor zamanlardaki emekleri<\/td><td>2015<\/td><\/tr><tr><td>19<\/td><td>Yavuz Ahmet Demirden<\/td><td class=\"has-text-align-left\" data-align=\"left\">Vefat eden TSM Koro \u015fefimiz<\/td><td>2015<\/td><\/tr><tr><td>20<\/td><td>Cemil Turan<\/td><td class=\"has-text-align-left\" data-align=\"left\">K\u00fct\u00fcphane ve gazete \u00e7\u0131kar\u0131lmas\u0131<\/td><td>2016<\/td><\/tr><tr><td>21<\/td><td>Alper Ta\u015fdelen<\/td><td class=\"has-text-align-left\" data-align=\"left\">\u00c7ankaya Belediye Ba\u015fkan\u0131 Derne\u011fe hizmetleri<\/td><td>2017<\/td><\/tr><tr><td>22<\/td><td>Fazl\u0131 \u00d6zt\u00fcrk<\/td><td class=\"has-text-align-left\" data-align=\"left\">Engelsiz Foto\u011fraf Toplulu\u011fu<\/td><td>2018<\/td><\/tr><tr><td>23<\/td><td>Mehmet Erdo\u011fan<\/td><td class=\"has-text-align-left\" data-align=\"left\">Derne\u011fin mevcut mekan\u0131n\u0131n sa\u011flanmas\u0131<\/td><td>2019<\/td><\/tr><\/tbody><\/table><\/figure>\n","protected":false},"excerpt":{"rendered":"<p>\u00c7\u0130\u011eDEM\u0130M DERNE\u011e\u0130 ONUR \u00dcYELER\u0130 No Ad\u0131 soyad\u0131 A\u00e7\u0131klama Y\u0131l 1 Vecdi Sevi\u011f Kurucu \u00dcye \u00a02014 2 Selma Aksoy Kurucu \u00dcye \u00a02014 3 Pervin Ers\u00f6z Kurucu \u00dcye \u00a02014 4 Hayriye Ak\u0131n Kurucu \u00dcye \u00a02014 5 Hayrin\u00fcsa Nara Kurucu \u00dcye \u00a02014 6 Fatih Fethi Aksoy Kurucu \u00dcye \u00a02014 7 Halil Ferit Uyar Kurucu \u00dcye \u00a02014 8 Vas\u0131f [&hellip;]<\/p>\n","protected":false},"author":1,"featured_media":0,"comment_status":"open","ping_status":"open","sticky":false,"template":"","format":"standard","meta":{"footnotes":""},"categories":[1],"tags":[],"class_list":["post-11524","post","type-post","status-publish","format-standard","hentry","category-genel"],"_links":{"self":[{"href":"https:\/\/www.cigdemim.org.tr\/index.php?rest_route=\/wp\/v2\/posts\/11524","targetHints":{"allow":["GET"]}}],"collection":[{"href":"https:\/\/www.cigdemim.org.tr\/index.php?rest_route=\/wp\/v2\/posts"}],"about":[{"href":"https:\/\/www.cigdemim.org.tr\/index.php?rest_route=\/wp\/v2\/types\/post"}],"author":[{"embeddable":true,"href":"https:\/\/www.cigdemim.org.tr\/index.php?rest_route=\/wp\/v2\/users\/1"}],"replies":[{"embeddable":true,"href":"https:\/\/www.cigdemim.org.tr\/index.php?rest_route=%2Fwp%2Fv2%2Fcomments&post=11524"}],"version-history":[{"count":0,"href":"https:\/\/www.cigdemim.org.tr\/index.php?rest_route=\/wp\/v2\/posts\/11524\/revisions"}],"wp:attachment":[{"href":"https:\/\/www.cigdemim.org.tr\/index.php?rest_route=%2Fwp%2Fv2%2Fmedia&parent=11524"}],"wp:term":[{"taxonomy":"category","embeddable":true,"href":"https:\/\/www.cigdemim.org.tr\/index.php?rest_route=%2Fwp%2Fv2%2Fcategories&post=11524"},{"taxonomy":"post_tag","embeddable":true,"href":"https:\/\/www.cigdemim.org.tr\/index.php?rest_route=%2Fwp%2Fv2%2Ftags&post=11524"}],"curies":[{"name":"wp","href":"https:\/\/api.w.org\/{rel}","templated":true}]}}