{"id":12435,"date":"2020-08-28T17:24:41","date_gmt":"2020-08-28T14:24:41","guid":{"rendered":"https:\/\/www.cigdemim.org.tr\/?p=12435"},"modified":"2020-08-30T22:28:23","modified_gmt":"2020-08-30T19:28:23","slug":"30-agustos-zafer-bayramimizi-mahallemizde-kutluyoruz","status":"publish","type":"post","link":"https:\/\/www.cigdemim.org.tr\/?p=12435","title":{"rendered":"30 A\u011fustos Zafer Bayram\u0131m\u0131z\u0131 Mahallemizde Kutluyoruz"},"content":{"rendered":"<p>30 A\u011fustos Pazar g\u00fcn\u00fc b\u00fct\u00fcn kom\u015fular\u0131m\u0131z\u0131 Zafer Bayram\u0131 kutlamam\u0131za bekliyoruz.<\/p>\n<p>\u00c7i\u011fdemim Derne\u011fi Y\u00f6netim Kurulu<\/p>\n<p>\u00c7i\u011fdem Mahallesi Muhtarl\u0131\u011f\u0131<\/p>\n","protected":false},"excerpt":{"rendered":"<p>30 A\u011fustos Pazar g\u00fcn\u00fc b\u00fct\u00fcn kom\u015fular\u0131m\u0131z\u0131 Zafer Bayram\u0131 kutlamam\u0131za bekliyoruz. \u00c7i\u011fdemim Derne\u011fi Y\u00f6netim Kurulu \u00c7i\u011fdem Mahallesi Muhtarl\u0131\u011f\u0131<\/p>\n","protected":false},"author":748,"featured_media":12434,"comment_status":"open","ping_status":"open","sticky":false,"template":"","format":"standard","meta":{"footnotes":""},"categories":[504],"tags":[555,33,558,557,556],"class_list":["post-12435","post","type-post","status-publish","format-standard","has-post-thumbnail","hentry","category-eski-duyurular","tag-30-agustos","tag-ataturk","tag-minnetle-aniyoruz","tag-ulu-onder","tag-zafer-bayrami"],"_links":{"self":[{"href":"https:\/\/www.cigdemim.org.tr\/index.php?rest_route=\/wp\/v2\/posts\/12435","targetHints":{"allow":["GET"]}}],"collection":[{"href":"https:\/\/www.cigdemim.org.tr\/index.php?rest_route=\/wp\/v2\/posts"}],"about":[{"href":"https:\/\/www.cigdemim.org.tr\/index.php?rest_route=\/wp\/v2\/types\/post"}],"author":[{"embeddable":true,"href":"https:\/\/www.cigdemim.org.tr\/index.php?rest_route=\/wp\/v2\/users\/748"}],"replies":[{"embeddable":true,"href":"https:\/\/www.cigdemim.org.tr\/index.php?rest_route=%2Fwp%2Fv2%2Fcomments&post=12435"}],"version-history":[{"count":0,"href":"https:\/\/www.cigdemim.org.tr\/index.php?rest_route=\/wp\/v2\/posts\/12435\/revisions"}],"wp:featuredmedia":[{"embeddable":true,"href":"https:\/\/www.cigdemim.org.tr\/index.php?rest_route=\/wp\/v2\/media\/12434"}],"wp:attachment":[{"href":"https:\/\/www.cigdemim.org.tr\/index.php?rest_route=%2Fwp%2Fv2%2Fmedia&parent=12435"}],"wp:term":[{"taxonomy":"category","embeddable":true,"href":"https:\/\/www.cigdemim.org.tr\/index.php?rest_route=%2Fwp%2Fv2%2Fcategories&post=12435"},{"taxonomy":"post_tag","embeddable":true,"href":"https:\/\/www.cigdemim.org.tr\/index.php?rest_route=%2Fwp%2Fv2%2Ftags&post=12435"}],"curies":[{"name":"wp","href":"https:\/\/api.w.org\/{rel}","templated":true}]}}