{"id":12439,"date":"2020-08-29T11:36:31","date_gmt":"2020-08-29T08:36:31","guid":{"rendered":"https:\/\/www.cigdemim.org.tr\/?p=12439"},"modified":"2020-09-07T16:57:49","modified_gmt":"2020-09-07T13:57:49","slug":"baris-ve-kardeslik-asuresi","status":"publish","type":"post","link":"https:\/\/www.cigdemim.org.tr\/?p=12439","title":{"rendered":"Bar\u0131\u015f ve Karde\u015flik A\u015furesi"},"content":{"rendered":"<p class=\"s3\"><span class=\"s2\"><span class=\"bumpedFont15\">A\u015fure<\/span><\/span><span class=\"s2\"><span class=\"bumpedFont15\"> G\u00fcn\u00fc<\/span><\/span><span class=\"s2\"><span class=\"bumpedFont15\">, muharrem ay\u0131n\u0131n onuncu g\u00fcn\u00fcd\u00fcr. <\/span><\/span><span class=\"s2\"><span class=\"bumpedFont15\">(bu y\u0131l i\u00e7in 29 A\u011fustos 2020, cumartesi).<\/span><\/span><\/p>\n<p class=\"s3\"><span class=\"s2\"><span class=\"bumpedFont15\">\u0130smini Arap\u00e7a on manas\u0131na gelen &#8220;<\/span><\/span><span class=\"s2\"><span class=\"bumpedFont15\">a\u015fera<\/span><\/span><span class=\"s2\"><span class=\"bumpedFont15\">&#8221; kelimesinden alm\u0131\u015ft\u0131r. Dilimizde, bug\u00fcn pi\u015firilip da\u011f\u0131t\u0131lan tatl\u0131ya ad olarak &#8220;a\u015fure&#8221; \u015feklinde telaffuzu yayg\u0131nd\u0131r. Tarihte bug\u00fcn, insanl\u0131k ve \u0130slam tarihi a\u00e7\u0131s\u0131ndan \u00f6nem ta\u015f\u0131yan baz\u0131 olaylar meydana gelmi\u015ftir. Rivayetlere g\u00f6re Hz. \u0130brahim a\u015fure g\u00fcn\u00fc d\u00fcnyaya gelmi\u015f, Hz. Musa ve kavmi <\/span><\/span><span class=\"s2\"><span class=\"bumpedFont15\">Firavun&#8217;un<\/span><\/span><span class=\"s2\"><span class=\"bumpedFont15\"> zulm\u00fcnden bug\u00fcnde kurtulmu\u015f, Hz. Nuh&#8217;un gemisi <\/span><\/span><span class=\"s2\"><span class=\"bumpedFont15\">C\u00fbdi<\/span><\/span><span class=\"s2\"><span class=\"bumpedFont15\"> da\u011f\u0131na a\u015fure g\u00fcn\u00fc oturmu\u015ftur\u2026<\/span><\/span> <span class=\"s2\"><span class=\"bumpedFont15\">Bu \u00f6zellikleri bak\u0131m\u0131ndan a\u015fure bir sevin\u00e7, mutluluk ve kutlama g\u00fcn\u00fcd\u00fcr.&nbsp;<\/span><\/span><\/p>\n<p class=\"s5\"><span class=\"s4\">Alev\u00eelerde, H\u00fcseyin\u2019in <\/span><span class=\"s4\">Kerbel\u00e2\u2019daki<\/span><span class=\"s4\"> ac\u0131s\u0131 ba\u015fta olmak \u00fczere On iki <\/span><span class=\"s4\">\u0130mamlar\u2019\u0131n<\/span><span class=\"s4\"> ac\u0131lar\u0131n\u0131 anmak ve anlamak i\u00e7in Muharrem <\/span><span class=\"s4\">M\u00e2temi<\/span><span class=\"s4\"> tutulur. Muharrem <\/span><span class=\"s4\">Matemi\u2019nin<\/span><span class=\"s4\"> amac\u0131: Bu t\u00fcrl\u00fc ac\u0131lar\u0131n bir daha ya\u015fanmamas\u0131 i\u00e7in gerekli olan insanl\u0131k de\u011ferlerini ve Alev\u00ee \u00f6\u011fretisini \u00f6z\u00fcmsemektir. Matem s\u00fcresince b\u0131\u00e7a\u011fa ve kesici aletlere el s\u00fcr\u00fclmez, kurban kesilmez ve et yenmez. Matem boyunca hi\u00e7bir canl\u0131ya eziyet edilmez. Kimsenin kalbini k\u0131rmamak, dili ile kimseyi incitmemek, kimse hakk\u0131nda dedikodu yapmamak <\/span><span class=\"s4\">M\u00e2tem<\/span><span class=\"s4\">Orucu\u2019nun<\/span><span class=\"s4\"> temel ilkesidir. Sa\u011fl\u0131\u011f\u0131 yerinde olanlar oru\u00e7 tutarlar. Matemden ama\u00e7, kendine eziyet yapmak de\u011fil, k\u00f6t\u00fcl\u00fck ve katliamlar\u0131n bir daha olmamas\u0131 ad\u0131na anmak ve unutmamakt\u0131r. <\/span><span class=\"s4\">Kerbel\u00e2<\/span><span class=\"s4\"> katliam\u0131nda hasta olmas\u0131 nedeniyle \u0130mam Zeynel Abidin\u2019in kurtulmas\u0131 ve Ali\u2019nin soyunun devam etmesi nedeniyle de Allah\u2019a \u015f\u00fckredilir. Bu nedenle Muharrem <\/span><span class=\"s4\">m\u00e2temi<\/span><span class=\"s4\">, <\/span><span class=\"s4\">a\u015f\u00fbre<\/span><span class=\"s4\"> gelene\u011fi ile biter. 12 g\u00fcn orucun ard\u0131ndan <\/span><span class=\"s4\">A\u015f\u00fbre<\/span><span class=\"s4\"> G\u00fcn\u00fc yap\u0131l\u0131r. 12 de\u011fi\u015fik malzemeden olu\u015fan <\/span><span class=\"s4\">a\u015f\u00fbre<\/span><span class=\"s4\"> yenilir ve da\u011f\u0131t\u0131l\u0131r.<\/span><\/p>\n<div class=\"s8\">\n<div class=\"s7\"><\/div>\n<p>A\u015fure, payla\u015fman\u0131n, dayan\u0131\u015fman\u0131n, birlikteli\u011fin ve sevginin ifadesi, bolluk ve bereketin simgesidir. A\u015furenin bu mecaz\u00ee anlam\u0131 toplumumuz i\u00e7in bug\u00fcn her zamankinden daha fazla \u00f6nem ta\u015f\u0131maktad\u0131r. Milletimiz, as\u0131rlard\u0131r s\u00fcrd\u00fcrd\u00fc\u011f\u00fc gelenekle bug\u00fcn de; &#8220;farkl\u0131l\u0131klar\u0131n ahenk i\u00e7indeki ortak tada katk\u0131 sa\u011flamalar\u0131&#8221;, &#8220;birlik&#8221; gibi k\u00fclt\u00fcr\u00fcm\u00fcz\u00fcn \u00f6z\u00fcnde hep var olan g\u00fczellikleri devam ettirme bilinci ile birbirinden farkl\u0131 tatlar\u0131 ayn\u0131 kazanda kaynat\u0131p, a\u015fure a\u015f\u0131 yapmaya, birlikte ya\u015faman\u0131n sembol\u00fcn\u00fc tadarken muhabbeti payla\u015fmaya devam etmektedir.<\/p>\n<\/div>\n<p class=\"s8\"><span class=\"s4\">Bu y\u0131l salg\u0131n nedeniyle a\u015furemizi birlikte pi\u015firip payla\u015famasak da <\/span><span class=\"s4\">gelecek y\u0131llarda bu gelene\u011fi devam ettirebilmek i\u00e7in umudumuzu hi\u00e7 yitirmeyelim. <\/span><\/p>\n<p class=\"s8\"><span class=\"s4\">Birlik ve beraberli\u011fimizin, karde\u015fli\u011fimizin simgesi olan A\u015fure G\u00fcn\u00fcn\u00fcz\u00fc kutluyoruz.<\/span>\u200b\u200b\u200b<\/p>\n<p class=\"s10\"><span class=\"s9\">\u00c7i\u011fdemim Derne\u011fi Y\u00f6netim Kurulu<\/span><span class=\"s9\"> ve \u00c7i\u011fdem Mahallesi Muhtarl\u0131\u011f\u0131<\/span><\/p>\n","protected":false},"excerpt":{"rendered":"<p>A\u015fure G\u00fcn\u00fc, muharrem ay\u0131n\u0131n onuncu g\u00fcn\u00fcd\u00fcr. (bu y\u0131l i\u00e7in 29 A\u011fustos 2020, cumartesi). \u0130smini Arap\u00e7a on manas\u0131na gelen &#8220;a\u015fera&#8221; kelimesinden alm\u0131\u015ft\u0131r. Dilimizde, bug\u00fcn pi\u015firilip da\u011f\u0131t\u0131lan tatl\u0131ya ad olarak &#8220;a\u015fure&#8221; \u015feklinde telaffuzu yayg\u0131nd\u0131r. Tarihte bug\u00fcn, insanl\u0131k ve \u0130slam tarihi a\u00e7\u0131s\u0131ndan \u00f6nem ta\u015f\u0131yan baz\u0131 olaylar meydana gelmi\u015ftir. Rivayetlere g\u00f6re Hz. \u0130brahim a\u015fure g\u00fcn\u00fc d\u00fcnyaya gelmi\u015f, Hz. Musa [&hellip;]<\/p>\n","protected":false},"author":748,"featured_media":12437,"comment_status":"open","ping_status":"open","sticky":false,"template":"","format":"standard","meta":{"footnotes":""},"categories":[504],"tags":[559,562,560,563,564,561,565,72],"class_list":["post-12439","post","type-post","status-publish","format-standard","has-post-thumbnail","hentry","category-eski-duyurular","tag-asure","tag-asure-gunu","tag-baris","tag-gelenek","tag-gorenek","tag-kardeslik","tag-komsuluk","tag-kutlama"],"_links":{"self":[{"href":"https:\/\/www.cigdemim.org.tr\/index.php?rest_route=\/wp\/v2\/posts\/12439","targetHints":{"allow":["GET"]}}],"collection":[{"href":"https:\/\/www.cigdemim.org.tr\/index.php?rest_route=\/wp\/v2\/posts"}],"about":[{"href":"https:\/\/www.cigdemim.org.tr\/index.php?rest_route=\/wp\/v2\/types\/post"}],"author":[{"embeddable":true,"href":"https:\/\/www.cigdemim.org.tr\/index.php?rest_route=\/wp\/v2\/users\/748"}],"replies":[{"embeddable":true,"href":"https:\/\/www.cigdemim.org.tr\/index.php?rest_route=%2Fwp%2Fv2%2Fcomments&post=12439"}],"version-history":[{"count":0,"href":"https:\/\/www.cigdemim.org.tr\/index.php?rest_route=\/wp\/v2\/posts\/12439\/revisions"}],"wp:featuredmedia":[{"embeddable":true,"href":"https:\/\/www.cigdemim.org.tr\/index.php?rest_route=\/wp\/v2\/media\/12437"}],"wp:attachment":[{"href":"https:\/\/www.cigdemim.org.tr\/index.php?rest_route=%2Fwp%2Fv2%2Fmedia&parent=12439"}],"wp:term":[{"taxonomy":"category","embeddable":true,"href":"https:\/\/www.cigdemim.org.tr\/index.php?rest_route=%2Fwp%2Fv2%2Fcategories&post=12439"},{"taxonomy":"post_tag","embeddable":true,"href":"https:\/\/www.cigdemim.org.tr\/index.php?rest_route=%2Fwp%2Fv2%2Ftags&post=12439"}],"curies":[{"name":"wp","href":"https:\/\/api.w.org\/{rel}","templated":true}]}}