{"id":12845,"date":"2020-11-09T14:19:34","date_gmt":"2020-11-09T11:19:34","guid":{"rendered":"https:\/\/www.cigdemim.org.tr\/?p=12845"},"modified":"2021-02-10T22:20:07","modified_gmt":"2021-02-10T19:20:07","slug":"sirinderede-son-bir-ayin-gelismeleri","status":"publish","type":"post","link":"https:\/\/www.cigdemim.org.tr\/?p=12845","title":{"rendered":"MUHTARIMIZDAN A\u00c7IKLAMA: \u015e\u0130R\u0130NDERE&#8217;DE SON B\u0130R AYIN GEL\u0130\u015eMELER\u0130"},"content":{"rendered":"\n<p>Muhtar\u0131m\u0131z Hasan H.Aslan&#8217;\u0131n a\u00e7\u0131klamas\u0131:<\/p>\n\n\n\n<p><\/p>\n\n\n\n<p><strong>\u015e\u0130R\u0130NDERE KONUSUNDA SON B\u0130R AYDA YA\u015eANANLAR<\/strong><\/p>\n\n\n\n<p>Her ortamda dile getirdi\u011fimiz, her f\u0131rsatta yetkililerle payla\u015ft\u0131\u011f\u0131m\u0131z, s\u00fcrekli ba\u015fvurularda bulundu\u011fumuz \u015eirindere sorunumuzla ilgili olarak son bir ayda ya\u015fanan geli\u015fmeleri sizlerle payla\u015fmak istiyoruz.<\/p>\n\n\n\n<p><strong>7 Ekim <\/strong>tarihinde \u0130\u00e7i\u015fleri Bakanl\u0131\u011f\u0131 taraf\u0131ndan d\u00fczenlenen uyu\u015fturucu ile m\u00fccadele konulu ve bakan S\u00fcleyman Soylu\u2019nun da kat\u0131ld\u0131\u011f\u0131 toplant\u0131da s\u00f6z alarak Ankara\u2019n\u0131n merkezinde, \u00c7i\u011fdem Mahallesinde, \u015eirindere b\u00f6lgesinde de bu t\u00fcr olaylar\u0131n ya\u015fand\u0131\u011f\u0131n\u0131 s\u00f6yledim ve \u00c7i\u011fdem Mahallesinde kom\u015fular\u0131n can ve mal g\u00fcvenliklerinden endi\u015fe ettiklerini bunun \u00e7\u00f6z\u00fcm\u00fc i\u00e7in vali beyle g\u00f6r\u00fc\u015fmek istedi\u011fimizi ama hen\u00fcz bir d\u00f6n\u00fc\u015f olmad\u0131\u011f\u0131n\u0131 s\u00f6yledim. Bakan S\u00fcleyman Soylu bakan yard\u0131mc\u0131s\u0131na ilgilenmesi i\u00e7in talimat verdi.<\/p>\n\n\n\n<p>Bu olay\u0131n ertesi g\u00fcn\u00fc <strong>8 Ekim\u2019d<\/strong>e \u0130\u00e7i\u015fleri Bakan Yard\u0131mc\u0131s\u0131 Say\u0131n Muhterem \u0130nce g\u00f6r\u00fc\u015fmeye \u00e7a\u011f\u0131rd\u0131.&nbsp; G\u00f6r\u00fc\u015fmeye muhtarl\u0131k azas\u0131 Neriman Acar ve \u00c7i\u011fdemim Derne\u011fi ba\u015fkan\u0131 Fatih F. Aksoy ile birlikte gittik.&nbsp; Haz\u0131rlad\u0131\u011f\u0131m\u0131z dosyay\u0131 bakan yard\u0131mc\u0131s\u0131na verdik. Sorunu detayl\u0131 anlatt\u0131k. Say\u0131n \u0130nce olduk\u00e7a ilgilendi. Bizim yan\u0131m\u0131zda Kaymakam\u0131, emniyet m\u00fcd\u00fcr\u00fcn\u00fc arad\u0131. Muhtar\u0131m\u0131zla g\u00f6r\u00fc\u015f\u00fcn, ilgilenin ve beni bilgilendirin talimat\u0131 verdi. \u00d6zel kalemine de ilgilenmesi i\u00e7in talimat verdi.<\/p>\n\n\n\n<p>Daha mahalleye d\u00f6nmeden Kaymakam yar\u0131n mahalleye gelece\u011fini bildirdi. Emniyet M\u00fcd\u00fcr\u00fc de randevu verdi.<\/p>\n\n\n\n<p><strong>9 Ekim <\/strong>sabah\u0131nda&nbsp; \u00c7ankaya Kaymakam\u0131m\u0131z Say\u0131n H\u00fcdayar Mete Buhara beyle \u00c7i\u011fdem Anadolu Lisesinde bulu\u015ftuk. Uzun uzun sorunu ve ya\u015fad\u0131klar\u0131m\u0131z\u0131 anlatt\u0131k. \u00d6nerilerimizi ilettik. Kaymakam\u0131m\u0131z il\u00e7e emniyet m\u00fcd\u00fcr\u00fc ve B\u00fcy\u00fck\u015fehir Belediyesinden bilgi istedi. Gelen bilgileri de\u011ferlendirdik. Biz temel olarak mahallemizde g\u00fcvende ya\u015famak istedi\u011fimizi anlatt\u0131k.<\/p>\n\n\n\n<p>Kaymakam\u0131m\u0131z konuyla yak\u0131ndan ilgilendi, sonras\u0131nda mahalledeki okullar\u0131, derne\u011fimizi, k\u00fct\u00fcphanemizi ve muhtarl\u0131\u011f\u0131m\u0131z\u0131 gezdi.<\/p>\n\n\n\n<p>\u00d6\u011fleden sonra \u0130l Emniyet M\u00fcd\u00fcr\u00fc say\u0131n Servet YILMAZ ile g\u00f6r\u00fc\u015ft\u00fck. Ona da sorunlar\u0131 anlatt\u0131k. \u00c7\u00f6z\u00fcm i\u00e7in b\u00f6lgenin g\u00fcvenlik g\u00fc\u00e7leri taraf\u0131ndan \u00e7ok s\u0131k\u0131 kontrol edilmesi gerekti\u011fini ve oradaki su\u00e7 unsurlar\u0131n\u0131n bask\u0131 alt\u0131na al\u0131nmas\u0131n\u0131 talep ettik. Bizi yard\u0131mc\u0131lar\u0131ndan ve Asayi\u015f Daire Ba\u015fkan\u0131 ile g\u00f6r\u00fc\u015ft\u00fcrd\u00fc.<\/p>\n\n\n\n<p>Say\u0131n <em><strong>Arzum<\/strong><\/em>&nbsp;Nazman ile yakla\u015f\u0131k 2 saat g\u00f6r\u00fc\u015ft\u00fck. &nbsp;\u00c7\u00f6z\u00fcm odakl\u0131 bir g\u00f6r\u00fc\u015fme oldu. \u0130\u015fgal edilen gecekondu sahiplerine ula\u015farak onaylar\u0131n\u0131 al\u0131p o evleri hemen y\u0131kabileceklerini s\u00f6yledi. \u201cMerak etmeyin bu sorununuzu \u00e7\u00f6zeriz\u201d ifadesi bizi olduk\u00e7a umutland\u0131rd\u0131. Sonras\u0131nda 10 Nisan Karakol amiri \u00e7a\u011f\u0131rd\u0131 ve ona da gerekli bilgiler, aktard\u0131k.<\/p>\n\n\n\n<p>B\u00fcy\u00fck\u015fehir Belediyesi yetkilileri ile de g\u00f6r\u00fc\u015ft\u00fck.&nbsp; Onlarla da ayn\u0131 \u00e7\u00f6z\u00fcm konusunda g\u00f6r\u00fc\u015f birli\u011fi oldu. O g\u00fcnden sonra s\u00fcrekli g\u00f6r\u00fc\u015fmeler devam etti.<\/p>\n\n\n\n<p><strong>10 Ekim\u2019de<\/strong>n itibaren \u015eirindere b\u00f6lgesi polis ablukas\u0131na al\u0131nd\u0131. Giri\u015f \u00e7\u0131k\u0131\u015flar kontrol edilmeye, i\u00e7eride devriye at\u0131lmaya ba\u015fland\u0131. Yunus ekipleri, asayi\u015f ekipleri narkotik ekipleri g\u00fcn\u00fcn de\u011fi\u015fik saatlerinde kontrollere devam etti.<\/p>\n\n\n\n<p><strong>14 Ekim <\/strong>g\u00fcn\u00fc Valimiz Say\u0131n Vasip \u015eahin ile g\u00f6r\u00fc\u015ft\u00fck. Konuyu kendisine de anlatt\u0131k. O da kaymakam ile zaten g\u00f6r\u00fc\u015ft\u00fc\u011f\u00fcn\u00fc ve konuyla ilgilendi\u011fini s\u00f6yledi. Belediye ile g\u00f6r\u00fc\u015fmemizi \u00f6nerdi. Valilikten ayr\u0131l\u0131nca \u00c7ankaya Emniyet M\u00fcd\u00fcrl\u00fc\u011f\u00fcnde toplant\u0131ya gittik. Ankara Emniyet M\u00fcd\u00fcr Yard\u0131mc\u0131s\u0131 <em><strong>Arzum<\/strong><\/em>&nbsp;Nazman ba\u015fkanl\u0131\u011f\u0131nda, &nbsp;\u00c7ankaya Emniyet m\u00fcd\u00fcr\u00fc Zafer Kalkan, 10 Nisan Karakol amiri ve di\u011fer \u00fcst d\u00fczey emniyet amirleri ile konuyu tekrar konu\u015ftuk. Yapt\u0131klar\u0131 ve yapacaklar\u0131 konusunda bilgi al\u0131\u015fveri\u015finde bulunduk. Ekiplere kesin talimat verdi.<\/p>\n\n\n\n<p>B\u00fcy\u00fck\u015fehir Belediye Ba\u015fkan\u0131m\u0131z Say\u0131n Mansur Yava\u015f\u2019dan g\u00f6r\u00fc\u015fme talep ettik. Pandemi nedeniyle y\u00fczy\u00fcze g\u00f6r\u00fc\u015fme olmad\u0131. <strong>15 Ekim<\/strong> sabah\u0131 dernek ba\u015fkan\u0131m\u0131z Fatih F.Aksoy, Mansur beyin aramas\u0131 ile, uzun bir telefon g\u00f6r\u00fc\u015fmesi ger\u00e7ekle\u015ftirdi. Durumu kendisine anlat\u0131p en \u00fcst seviyeden bir irade ile talimat verirse \u00e7\u00f6z\u00fcme yakla\u015ft\u0131\u011f\u0131m\u0131z\u0131 s\u00f6yledi. \u0130lgilenece\u011fini ve gerekli birimlere talimat verece\u011fini s\u00f6yledi.<\/p>\n\n\n\n<p>Bu g\u00fcnden sonra belediyede konuyla daha s\u0131k\u0131 ilgilenmeye ba\u015flad\u0131. Bu arada sosyal medyada ba\u015flatt\u0131\u011f\u0131m\u0131z \u00e7al\u0131\u015fmalarda etkili oldu.<\/p>\n\n\n\n<p>Belediye ekipleri hak sahipleriyle ve oradaki kooperatif ile g\u00f6r\u00fc\u015fmelere ba\u015fl\u0131yorlar ve y\u0131k\u0131lacak evleri belirliyorlar.<\/p>\n\n\n\n<p>\u0130\u015fgalci evlere 10 g\u00fcn s\u00fcre verilip bo\u015faltmalar\u0131 istendi. Bu karar \u015eirindere de duyuruldu.<\/p>\n\n\n\n<p>9 Kas\u0131m (bug\u00fcn) itibar\u0131 ile belirlenen evlerde y\u0131k\u0131m, b\u00f6lgede geni\u015f \u00e7apl\u0131 temizlik ba\u015flat\u0131ld\u0131.<\/p>\n\n\n\n<p>Bundan sonraki geli\u015fmeler konusunda da sizleri bilgilendirmeye devam edece\u011fiz.<\/p>\n\n\n\n<p>Hasan H\u00fcseyin Aslan<\/p>\n\n\n\n<p>\u00c7i\u011fdem Mahallesi Muhtar\u0131<\/p>\n\n\n\n<figure class=\"wp-block-gallery columns-2 is-cropped wp-block-gallery-1 is-layout-flex wp-block-gallery-is-layout-flex\"><ul class=\"blocks-gallery-grid\"><li class=\"blocks-gallery-item\"><figure><a href=\"https:\/\/www.cigdemim.org.tr\/wp-content\/uploads\/2020\/11\/b652d623-83de-47ce-b422-a4f428c9a411.jpg\"><img loading=\"lazy\" decoding=\"async\" width=\"1600\" height=\"1197\" src=\"https:\/\/www.cigdemim.org.tr\/wp-content\/uploads\/2020\/11\/b652d623-83de-47ce-b422-a4f428c9a411.jpg\" alt=\"\" data-id=\"12846\" data-full-url=\"https:\/\/www.cigdemim.org.tr\/wp-content\/uploads\/2020\/11\/b652d623-83de-47ce-b422-a4f428c9a411.jpg\" data-link=\"https:\/\/www.cigdemim.org.tr\/?attachment_id=12846\" class=\"wp-image-12846\" srcset=\"https:\/\/www.cigdemim.org.tr\/wp-content\/uploads\/2020\/11\/b652d623-83de-47ce-b422-a4f428c9a411.jpg 1600w, https:\/\/www.cigdemim.org.tr\/wp-content\/uploads\/2020\/11\/b652d623-83de-47ce-b422-a4f428c9a411-119x89.jpg 119w, https:\/\/www.cigdemim.org.tr\/wp-content\/uploads\/2020\/11\/b652d623-83de-47ce-b422-a4f428c9a411-768x575.jpg 768w, https:\/\/www.cigdemim.org.tr\/wp-content\/uploads\/2020\/11\/b652d623-83de-47ce-b422-a4f428c9a411-1536x1149.jpg 1536w\" sizes=\"auto, (max-width: 1600px) 100vw, 1600px\" \/><\/a><\/figure><\/li><li class=\"blocks-gallery-item\"><figure><a href=\"https:\/\/www.cigdemim.org.tr\/wp-content\/uploads\/2020\/11\/80ca234b-fce9-403d-baad-f7ee178b0466.jpg\"><img loading=\"lazy\" decoding=\"async\" width=\"1024\" height=\"768\" src=\"https:\/\/www.cigdemim.org.tr\/wp-content\/uploads\/2020\/11\/80ca234b-fce9-403d-baad-f7ee178b0466.jpg\" alt=\"\" data-id=\"12847\" data-full-url=\"https:\/\/www.cigdemim.org.tr\/wp-content\/uploads\/2020\/11\/80ca234b-fce9-403d-baad-f7ee178b0466.jpg\" data-link=\"https:\/\/www.cigdemim.org.tr\/?attachment_id=12847\" class=\"wp-image-12847\" srcset=\"https:\/\/www.cigdemim.org.tr\/wp-content\/uploads\/2020\/11\/80ca234b-fce9-403d-baad-f7ee178b0466.jpg 1024w, https:\/\/www.cigdemim.org.tr\/wp-content\/uploads\/2020\/11\/80ca234b-fce9-403d-baad-f7ee178b0466-119x89.jpg 119w, https:\/\/www.cigdemim.org.tr\/wp-content\/uploads\/2020\/11\/80ca234b-fce9-403d-baad-f7ee178b0466-768x576.jpg 768w\" sizes=\"auto, (max-width: 1024px) 100vw, 1024px\" \/><\/a><\/figure><\/li><li class=\"blocks-gallery-item\"><figure><a href=\"https:\/\/www.cigdemim.org.tr\/wp-content\/uploads\/2020\/11\/3a57d150-4d36-46a4-a963-cd6c6a7142c9.jpg\"><img loading=\"lazy\" decoding=\"async\" width=\"768\" height=\"1024\" src=\"https:\/\/www.cigdemim.org.tr\/wp-content\/uploads\/2020\/11\/3a57d150-4d36-46a4-a963-cd6c6a7142c9.jpg\" alt=\"\" data-id=\"12848\" data-full-url=\"https:\/\/www.cigdemim.org.tr\/wp-content\/uploads\/2020\/11\/3a57d150-4d36-46a4-a963-cd6c6a7142c9.jpg\" data-link=\"https:\/\/www.cigdemim.org.tr\/?attachment_id=12848\" class=\"wp-image-12848\" srcset=\"https:\/\/www.cigdemim.org.tr\/wp-content\/uploads\/2020\/11\/3a57d150-4d36-46a4-a963-cd6c6a7142c9.jpg 768w, https:\/\/www.cigdemim.org.tr\/wp-content\/uploads\/2020\/11\/3a57d150-4d36-46a4-a963-cd6c6a7142c9-67x89.jpg 67w\" sizes=\"auto, (max-width: 768px) 100vw, 768px\" \/><\/a><\/figure><\/li><li class=\"blocks-gallery-item\"><figure><a href=\"https:\/\/www.cigdemim.org.tr\/wp-content\/uploads\/2020\/11\/5397e495-4925-49cd-bf9a-88162a4f66a9.jpg\"><img loading=\"lazy\" decoding=\"async\" width=\"1200\" height=\"1600\" src=\"https:\/\/www.cigdemim.org.tr\/wp-content\/uploads\/2020\/11\/5397e495-4925-49cd-bf9a-88162a4f66a9.jpg\" alt=\"\" data-id=\"12849\" data-full-url=\"https:\/\/www.cigdemim.org.tr\/wp-content\/uploads\/2020\/11\/5397e495-4925-49cd-bf9a-88162a4f66a9.jpg\" data-link=\"https:\/\/www.cigdemim.org.tr\/?attachment_id=12849\" class=\"wp-image-12849\" srcset=\"https:\/\/www.cigdemim.org.tr\/wp-content\/uploads\/2020\/11\/5397e495-4925-49cd-bf9a-88162a4f66a9.jpg 1200w, https:\/\/www.cigdemim.org.tr\/wp-content\/uploads\/2020\/11\/5397e495-4925-49cd-bf9a-88162a4f66a9-67x89.jpg 67w, https:\/\/www.cigdemim.org.tr\/wp-content\/uploads\/2020\/11\/5397e495-4925-49cd-bf9a-88162a4f66a9-768x1024.jpg 768w, https:\/\/www.cigdemim.org.tr\/wp-content\/uploads\/2020\/11\/5397e495-4925-49cd-bf9a-88162a4f66a9-1152x1536.jpg 1152w\" sizes=\"auto, (max-width: 1200px) 100vw, 1200px\" \/><\/a><\/figure><\/li><li class=\"blocks-gallery-item\"><figure><a href=\"https:\/\/www.cigdemim.org.tr\/wp-content\/uploads\/2020\/11\/0dfc8c0a-3bbb-4552-95a2-0fa5f0a75bba.jpg\"><img loading=\"lazy\" decoding=\"async\" width=\"1200\" height=\"1600\" src=\"https:\/\/www.cigdemim.org.tr\/wp-content\/uploads\/2020\/11\/0dfc8c0a-3bbb-4552-95a2-0fa5f0a75bba.jpg\" alt=\"\" data-id=\"12850\" data-full-url=\"https:\/\/www.cigdemim.org.tr\/wp-content\/uploads\/2020\/11\/0dfc8c0a-3bbb-4552-95a2-0fa5f0a75bba.jpg\" data-link=\"https:\/\/www.cigdemim.org.tr\/?attachment_id=12850\" class=\"wp-image-12850\" srcset=\"https:\/\/www.cigdemim.org.tr\/wp-content\/uploads\/2020\/11\/0dfc8c0a-3bbb-4552-95a2-0fa5f0a75bba.jpg 1200w, https:\/\/www.cigdemim.org.tr\/wp-content\/uploads\/2020\/11\/0dfc8c0a-3bbb-4552-95a2-0fa5f0a75bba-67x89.jpg 67w, https:\/\/www.cigdemim.org.tr\/wp-content\/uploads\/2020\/11\/0dfc8c0a-3bbb-4552-95a2-0fa5f0a75bba-768x1024.jpg 768w, https:\/\/www.cigdemim.org.tr\/wp-content\/uploads\/2020\/11\/0dfc8c0a-3bbb-4552-95a2-0fa5f0a75bba-1152x1536.jpg 1152w\" sizes=\"auto, (max-width: 1200px) 100vw, 1200px\" \/><\/a><\/figure><\/li><\/ul><\/figure>\n","protected":false},"excerpt":{"rendered":"<p>Muhtar\u0131m\u0131z Hasan H.Aslan&#8217;\u0131n a\u00e7\u0131klamas\u0131: \u015e\u0130R\u0130NDERE KONUSUNDA SON B\u0130R AYDA YA\u015eANANLAR Her ortamda dile getirdi\u011fimiz, her f\u0131rsatta yetkililerle payla\u015ft\u0131\u011f\u0131m\u0131z, s\u00fcrekli ba\u015fvurularda bulundu\u011fumuz \u015eirindere sorunumuzla ilgili olarak son bir ayda ya\u015fanan geli\u015fmeleri sizlerle payla\u015fmak istiyoruz. 7 Ekim tarihinde \u0130\u00e7i\u015fleri Bakanl\u0131\u011f\u0131 taraf\u0131ndan d\u00fczenlenen uyu\u015fturucu ile m\u00fccadele konulu ve bakan S\u00fcleyman Soylu\u2019nun da kat\u0131ld\u0131\u011f\u0131 toplant\u0131da s\u00f6z alarak Ankara\u2019n\u0131n merkezinde, [&hellip;]<\/p>\n","protected":false},"author":1,"featured_media":0,"comment_status":"open","ping_status":"open","sticky":false,"template":"","format":"standard","meta":{"footnotes":""},"categories":[504,577],"tags":[],"class_list":["post-12845","post","type-post","status-publish","format-standard","hentry","category-eski-duyurular","category-muhtarlik"],"_links":{"self":[{"href":"https:\/\/www.cigdemim.org.tr\/index.php?rest_route=\/wp\/v2\/posts\/12845","targetHints":{"allow":["GET"]}}],"collection":[{"href":"https:\/\/www.cigdemim.org.tr\/index.php?rest_route=\/wp\/v2\/posts"}],"about":[{"href":"https:\/\/www.cigdemim.org.tr\/index.php?rest_route=\/wp\/v2\/types\/post"}],"author":[{"embeddable":true,"href":"https:\/\/www.cigdemim.org.tr\/index.php?rest_route=\/wp\/v2\/users\/1"}],"replies":[{"embeddable":true,"href":"https:\/\/www.cigdemim.org.tr\/index.php?rest_route=%2Fwp%2Fv2%2Fcomments&post=12845"}],"version-history":[{"count":0,"href":"https:\/\/www.cigdemim.org.tr\/index.php?rest_route=\/wp\/v2\/posts\/12845\/revisions"}],"wp:attachment":[{"href":"https:\/\/www.cigdemim.org.tr\/index.php?rest_route=%2Fwp%2Fv2%2Fmedia&parent=12845"}],"wp:term":[{"taxonomy":"category","embeddable":true,"href":"https:\/\/www.cigdemim.org.tr\/index.php?rest_route=%2Fwp%2Fv2%2Fcategories&post=12845"},{"taxonomy":"post_tag","embeddable":true,"href":"https:\/\/www.cigdemim.org.tr\/index.php?rest_route=%2Fwp%2Fv2%2Ftags&post=12845"}],"curies":[{"name":"wp","href":"https:\/\/api.w.org\/{rel}","templated":true}]}}