{"id":12979,"date":"2020-11-23T21:04:13","date_gmt":"2020-11-23T18:04:13","guid":{"rendered":"https:\/\/www.cigdemim.org.tr\/?p=12979"},"modified":"2020-11-23T21:04:14","modified_gmt":"2020-11-23T18:04:14","slug":"ozel-matematik-dersi","status":"publish","type":"post","link":"https:\/\/www.cigdemim.org.tr\/?p=12979","title":{"rendered":"\u00d6ZEL MATEMAT\u0130K DERS\u0130"},"content":{"rendered":"\n<p>Merhaba ben Zeynep K\u00f6\u015fker. Yakla\u015f\u0131k 15 senedir kurslarda ve \u00f6zel ders b\u00fcrolar\u0131nda matematik \u00f6\u011fretmeni olarak \u00e7al\u0131\u015f\u0131yorum. Bu s\u00fcre\u00e7 i\u00e7erisinde matematik temeli \u00e7ok zay\u0131f \u00f6\u011frencilerle ya da matematik bilgisi iyi oldu\u011fu halde daha iyisini hedefleyen bir \u00e7ok \u00f6\u011frenciyle \u00e7al\u0131\u015ft\u0131m. Maalesef pandemi d\u00f6nemi her\u015feyi oldu\u011fu gibi e\u011fitimi de \u00e7ok olumsuz etkiledi. Bende bu d\u00f6nem s\u0131n\u0131f derslerine ara vermek zorunda kald\u0131m. Sadece birebir derslere devam ediyorum. Eski bir \u00c7i\u011fdem &#8216;li olarak sizlerle de payla\u015fmak istedim. Bu konuda benimle \u00e7al\u0131\u015fmak isteyenler i\u00e7in ileti\u015fim bilgilerimi a\u015fa\u011f\u0131da payla\u015f\u0131yorum. Hepinize sa\u011fl\u0131kl\u0131 g\u00fcnler dilerim:)\u00a0\u00a0Zeynep K\u00f6\u015fker\u00a0Tlf no :0505 203 37 18\u00a0<\/p>\n","protected":false},"excerpt":{"rendered":"<p>Merhaba ben Zeynep K\u00f6\u015fker. Yakla\u015f\u0131k 15 senedir kurslarda ve \u00f6zel ders b\u00fcrolar\u0131nda matematik \u00f6\u011fretmeni olarak \u00e7al\u0131\u015f\u0131yorum. Bu s\u00fcre\u00e7 i\u00e7erisinde matematik temeli \u00e7ok zay\u0131f \u00f6\u011frencilerle ya da matematik bilgisi iyi oldu\u011fu halde daha iyisini hedefleyen bir \u00e7ok \u00f6\u011frenciyle \u00e7al\u0131\u015ft\u0131m. Maalesef pandemi d\u00f6nemi her\u015feyi oldu\u011fu gibi e\u011fitimi de \u00e7ok olumsuz etkiledi. Bende bu d\u00f6nem s\u0131n\u0131f derslerine ara [&hellip;]<\/p>\n","protected":false},"author":1,"featured_media":1689,"comment_status":"open","ping_status":"open","sticky":false,"template":"","format":"standard","meta":{"footnotes":""},"categories":[117],"tags":[],"class_list":["post-12979","post","type-post","status-publish","format-standard","has-post-thumbnail","hentry","category-seri-ilanlar-mahallemizden"],"_links":{"self":[{"href":"https:\/\/www.cigdemim.org.tr\/index.php?rest_route=\/wp\/v2\/posts\/12979","targetHints":{"allow":["GET"]}}],"collection":[{"href":"https:\/\/www.cigdemim.org.tr\/index.php?rest_route=\/wp\/v2\/posts"}],"about":[{"href":"https:\/\/www.cigdemim.org.tr\/index.php?rest_route=\/wp\/v2\/types\/post"}],"author":[{"embeddable":true,"href":"https:\/\/www.cigdemim.org.tr\/index.php?rest_route=\/wp\/v2\/users\/1"}],"replies":[{"embeddable":true,"href":"https:\/\/www.cigdemim.org.tr\/index.php?rest_route=%2Fwp%2Fv2%2Fcomments&post=12979"}],"version-history":[{"count":0,"href":"https:\/\/www.cigdemim.org.tr\/index.php?rest_route=\/wp\/v2\/posts\/12979\/revisions"}],"wp:featuredmedia":[{"embeddable":true,"href":"https:\/\/www.cigdemim.org.tr\/index.php?rest_route=\/wp\/v2\/media\/1689"}],"wp:attachment":[{"href":"https:\/\/www.cigdemim.org.tr\/index.php?rest_route=%2Fwp%2Fv2%2Fmedia&parent=12979"}],"wp:term":[{"taxonomy":"category","embeddable":true,"href":"https:\/\/www.cigdemim.org.tr\/index.php?rest_route=%2Fwp%2Fv2%2Fcategories&post=12979"},{"taxonomy":"post_tag","embeddable":true,"href":"https:\/\/www.cigdemim.org.tr\/index.php?rest_route=%2Fwp%2Fv2%2Ftags&post=12979"}],"curies":[{"name":"wp","href":"https:\/\/api.w.org\/{rel}","templated":true}]}}