{"id":13574,"date":"2021-03-24T23:52:29","date_gmt":"2021-03-24T20:52:29","guid":{"rendered":"https:\/\/www.cigdemim.org.tr\/?p=13574"},"modified":"2021-04-12T21:59:51","modified_gmt":"2021-04-12T18:59:51","slug":"genel-kurulumuzu-yapiyoruz","status":"publish","type":"post","link":"https:\/\/www.cigdemim.org.tr\/?p=13574","title":{"rendered":"GENEL KURULUMUZU YAPIYORUZ"},"content":{"rendered":"\n<div class=\"wp-block-file\"><a href=\"https:\/\/www.cigdemim.org.tr\/wp-content\/uploads\/2021\/04\/genel-kurul-cagrisi-2021-1.jpg\" target=\"_blank\" rel=\"noreferrer noopener\">genel-kurul-cagrisi-2021-1<\/a><\/div>\n\n\n\n<div class=\"wp-block-file\"><a href=\"https:\/\/www.cigdemim.org.tr\/wp-content\/uploads\/2021\/04\/faaliyet-raporu-bilanco-denetim-2020.pdf\" target=\"_blank\" rel=\"noreferrer noopener\">faaliyet-raporu-bilanco-denetim-2020<\/a><\/div>\n\n\n\n<p>Derne\u011fimizin Ola\u011fan Genel Kurulu 4 Nisan<strong> 2021 <\/strong>Pazar g\u00fcn\u00fc saat <strong>12:00<\/strong>\u2019de \u00e7o\u011funluk aranarak, Derne\u011fimiz K\u00fclt\u00fcr Evinde a\u015fa\u011f\u0131daki g\u00fcndemi g\u00f6r\u00fc\u015fmek \u00fczere toplanacakt\u0131r. \u00c7o\u011funluk sa\u011flanamad\u0131\u011f\u0131 takdirde toplant\u0131 <strong>12 Nisan 2021 Pazartesi <\/strong>g\u00fcn\u00fc 15:00\u2019de \u00c7i\u011fdem Mahallesi \u015eehit Cihan Bay\u0131k Ortaokulu Toplant\u0131 Salonunda, <strong>\u00e7o\u011funluk aranmaks\u0131z\u0131n<\/strong>, yap\u0131lacakt\u0131r.<\/p>\n\n\n\n<p>T\u00fcm \u00fcyelerimize ve Mahalle sakinlerimize duyurulur.<\/p>\n\n\n\n<p>Toplant\u0131ya giri\u015fte HES kodu sorgulamas\u0131, ate\u015f \u00f6l\u00e7\u00fcm\u00fc yap\u0131lacak ve maske\/mesafe kurallar\u0131na uyulacakt\u0131r.<\/p>\n\n\n\n<p><strong>G\u00dcNDEM<\/strong><\/p>\n\n\n\n<p>1. A\u00e7\u0131l\u0131\u015f, toplant\u0131 yeter say\u0131s\u0131n\u0131n tespiti, Sayg\u0131 Duru\u015fu ve \u0130stiklal Mar\u015f\u0131.<\/p>\n\n\n\n<p>2. Divan Ba\u015fkan\u0131 ve iki yaz\u0131c\u0131 \u00fcye se\u00e7imi ile Divan Ba\u015fkanl\u0131\u011f\u0131na toplant\u0131 tutana\u011f\u0131 imza yetkisinin verilmesi.<\/p>\n\n\n\n<p>3. G\u00fcndemin okunmas\u0131, varsa de\u011fi\u015fiklik \u00f6nerilerinin al\u0131nmas\u0131 ve g\u00f6r\u00fc\u015f\u00fclmesi, g\u00fcndemin oylanmas\u0131.<\/p>\n\n\n\n<p>4. Onur \u00dcyeli\u011fi i\u00e7in tekliflerin al\u0131nmas\u0131 ve g\u00f6r\u00fc\u015f\u00fclerek onur \u00fcyeli\u011fi verileceklerin belirlenmesi.<\/p>\n\n\n\n<p>5. Y\u00f6netim ve Denetim Kurullar\u0131 Faaliyet Raporlar\u0131n\u0131n okunmas\u0131.<\/p>\n\n\n\n<p>6. Faaliyet raporlar\u0131 ile ilgili g\u00f6r\u00fc\u015flerin al\u0131nmas\u0131 ve ibralar\u0131n\u0131n ayr\u0131 ayr\u0131 oylanmas\u0131.<\/p>\n\n\n\n<p>7. 2021 y\u0131l\u0131 faaliyet plan\u0131 ve tahmini b\u00fct\u00e7e<\/p>\n\n\n\n<p>8. Yeni Y\u00f6netim ve Denetim Kurullar\u0131n\u0131n se\u00e7ilmesi.<\/p>\n\n\n\n<p>9. Ta\u015f\u0131n\u0131r ta\u015f\u0131nmaz mal edinimi i\u00e7in YK na yetki verilmesi<\/p>\n\n\n\n<p>10. YK \u00fcyelerinden birine toplam\u0131 asgari \u00fccreti ge\u00e7memek \u00fczere huzur hakk\u0131 \u00f6denebilmesi konusunda YK\u2019na yetki verilmesi.<\/p>\n\n\n\n<p>11. T\u00fcz\u00fck de\u011fi\u015fikli\u011fi \u00f6nerilerinin g\u00f6r\u00fc\u015f\u00fclmesi ve oylanmas\u0131.<\/p>\n\n\n\n<p>12. Dilek ve temenniler, kapan\u0131\u015f.<\/p>\n\n\n\n<p>13. 25.y\u0131l kutlamas\u0131 (okul bah\u00e7esinde)<\/p>\n\n\n\n<p><strong>&nbsp;&nbsp;&nbsp;&nbsp;&nbsp;&nbsp;&nbsp;&nbsp;&nbsp;&nbsp;&nbsp;&nbsp;&nbsp;&nbsp;&nbsp;&nbsp;&nbsp;&nbsp;&nbsp;&nbsp;&nbsp;&nbsp;&nbsp;&nbsp;&nbsp;&nbsp;&nbsp;&nbsp;&nbsp;&nbsp;&nbsp;&nbsp;&nbsp;&nbsp;&nbsp;&nbsp;&nbsp;&nbsp;&nbsp;&nbsp;&nbsp;&nbsp;&nbsp;&nbsp;&nbsp;&nbsp;&nbsp;&nbsp;&nbsp;&nbsp;&nbsp;&nbsp;&nbsp;&nbsp;&nbsp;&nbsp;&nbsp;&nbsp;&nbsp;&nbsp;&nbsp;&nbsp;&nbsp;&nbsp;&nbsp;&nbsp;&nbsp;&nbsp;&nbsp;&nbsp;&nbsp;&nbsp;&nbsp;&nbsp;&nbsp;&nbsp;&nbsp;&nbsp;&nbsp;&nbsp;&nbsp;&nbsp;&nbsp;&nbsp;&nbsp;&nbsp;&nbsp;&nbsp;&nbsp;&nbsp;&nbsp;&nbsp;&nbsp;&nbsp;&nbsp;&nbsp;&nbsp;&nbsp;&nbsp;&nbsp;&nbsp;&nbsp;&nbsp;&nbsp;&nbsp;&nbsp;&nbsp;&nbsp;&nbsp;&nbsp; Y\u00f6netim Kurulu<\/strong><\/p>\n","protected":false},"excerpt":{"rendered":"<p>Derne\u011fimizin Ola\u011fan Genel Kurulu 4 Nisan 2021 Pazar g\u00fcn\u00fc saat 12:00\u2019de \u00e7o\u011funluk aranarak, Derne\u011fimiz K\u00fclt\u00fcr Evinde a\u015fa\u011f\u0131daki g\u00fcndemi g\u00f6r\u00fc\u015fmek \u00fczere toplanacakt\u0131r. \u00c7o\u011funluk sa\u011flanamad\u0131\u011f\u0131 takdirde toplant\u0131 12 Nisan 2021 Pazartesi g\u00fcn\u00fc 15:00\u2019de \u00c7i\u011fdem Mahallesi \u015eehit Cihan Bay\u0131k Ortaokulu Toplant\u0131 Salonunda, \u00e7o\u011funluk aranmaks\u0131z\u0131n, yap\u0131lacakt\u0131r. T\u00fcm \u00fcyelerimize ve Mahalle sakinlerimize duyurulur. Toplant\u0131ya giri\u015fte HES kodu sorgulamas\u0131, ate\u015f \u00f6l\u00e7\u00fcm\u00fc [&hellip;]<\/p>\n","protected":false},"author":1,"featured_media":13713,"comment_status":"open","ping_status":"open","sticky":false,"template":"","format":"standard","meta":{"footnotes":""},"categories":[504,497],"tags":[],"class_list":["post-13574","post","type-post","status-publish","format-standard","has-post-thumbnail","hentry","category-eski-duyurular","category-biten"],"_links":{"self":[{"href":"https:\/\/www.cigdemim.org.tr\/index.php?rest_route=\/wp\/v2\/posts\/13574","targetHints":{"allow":["GET"]}}],"collection":[{"href":"https:\/\/www.cigdemim.org.tr\/index.php?rest_route=\/wp\/v2\/posts"}],"about":[{"href":"https:\/\/www.cigdemim.org.tr\/index.php?rest_route=\/wp\/v2\/types\/post"}],"author":[{"embeddable":true,"href":"https:\/\/www.cigdemim.org.tr\/index.php?rest_route=\/wp\/v2\/users\/1"}],"replies":[{"embeddable":true,"href":"https:\/\/www.cigdemim.org.tr\/index.php?rest_route=%2Fwp%2Fv2%2Fcomments&post=13574"}],"version-history":[{"count":0,"href":"https:\/\/www.cigdemim.org.tr\/index.php?rest_route=\/wp\/v2\/posts\/13574\/revisions"}],"wp:featuredmedia":[{"embeddable":true,"href":"https:\/\/www.cigdemim.org.tr\/index.php?rest_route=\/wp\/v2\/media\/13713"}],"wp:attachment":[{"href":"https:\/\/www.cigdemim.org.tr\/index.php?rest_route=%2Fwp%2Fv2%2Fmedia&parent=13574"}],"wp:term":[{"taxonomy":"category","embeddable":true,"href":"https:\/\/www.cigdemim.org.tr\/index.php?rest_route=%2Fwp%2Fv2%2Fcategories&post=13574"},{"taxonomy":"post_tag","embeddable":true,"href":"https:\/\/www.cigdemim.org.tr\/index.php?rest_route=%2Fwp%2Fv2%2Ftags&post=13574"}],"curies":[{"name":"wp","href":"https:\/\/api.w.org\/{rel}","templated":true}]}}