{"id":19272,"date":"2023-06-20T10:25:35","date_gmt":"2023-06-20T07:25:35","guid":{"rendered":"https:\/\/www.cigdemim.org.tr\/?p=19272"},"modified":"2025-06-05T22:57:01","modified_gmt":"2025-06-05T19:57:01","slug":"cigdemim-edebiyat-toplulugu-yeni-donem","status":"publish","type":"post","link":"https:\/\/www.cigdemim.org.tr\/?p=19272","title":{"rendered":"\u00c7\u0130\u011eDEM\u0130M EDEB\u0130YAT TOPLULU\u011eU YEN\u0130 D\u00d6NEM"},"content":{"rendered":"\n<figure class=\"wp-block-image size-full\"><img loading=\"lazy\" decoding=\"async\" width=\"1080\" height=\"1080\" src=\"https:\/\/www.cigdemim.org.tr\/wp-content\/uploads\/2023\/12\/igdemim-edebiyat-toplulugu-program.jpg\" alt=\"\" class=\"wp-image-21134\" srcset=\"https:\/\/www.cigdemim.org.tr\/wp-content\/uploads\/2023\/12\/igdemim-edebiyat-toplulugu-program.jpg 1080w, https:\/\/www.cigdemim.org.tr\/wp-content\/uploads\/2023\/12\/igdemim-edebiyat-toplulugu-program-89x89.jpg 89w, https:\/\/www.cigdemim.org.tr\/wp-content\/uploads\/2023\/12\/igdemim-edebiyat-toplulugu-program-768x768.jpg 768w\" sizes=\"auto, (max-width: 1080px) 100vw, 1080px\" \/><\/figure>\n\n\n\n<figure class=\"wp-block-image size-full\"><img loading=\"lazy\" decoding=\"async\" width=\"1080\" height=\"1080\" src=\"https:\/\/www.cigdemim.org.tr\/wp-content\/uploads\/2023\/09\/igdemim-edebiyat-toplulugu-1-3.jpg\" alt=\"\" class=\"wp-image-19826\" srcset=\"https:\/\/www.cigdemim.org.tr\/wp-content\/uploads\/2023\/09\/igdemim-edebiyat-toplulugu-1-3.jpg 1080w, https:\/\/www.cigdemim.org.tr\/wp-content\/uploads\/2023\/09\/igdemim-edebiyat-toplulugu-1-3-89x89.jpg 89w, https:\/\/www.cigdemim.org.tr\/wp-content\/uploads\/2023\/09\/igdemim-edebiyat-toplulugu-1-3-768x768.jpg 768w\" sizes=\"auto, (max-width: 1080px) 100vw, 1080px\" \/><\/figure>\n\n\n\n<p>\u00c7i\u011fdemim Derne\u011fi Edebiyat Toplulu\u011funun faaliyetleri kapsam\u0131nda, 2023-2024 d\u00f6neminde sunumu yap\u0131lacak kitaplar\u0131n listesi a\u015fa\u011f\u0131dad\u0131r.&nbsp; Yeni sezona ilk olarak 30 Ekim 2023 tarihinde, Kemal Tahir\u2019in KURT KANUNU isimli eserinin sunumu ile ba\u015flamay\u0131 planl\u0131yoruz.<\/p>\n\n\n\n<p>Siz de\u011ferli kom\u015fular\u0131m\u0131z\u0131n kat\u0131l\u0131m\u0131 ile yine birbirinden g\u00fczel s\u00f6yle\u015filer ger\u00e7ekle\u015ftirece\u011fimizi umuyor; hepinize bol okumal\u0131 g\u00fczel bir yaz tatili diliyoruz.<\/p>\n\n\n\n<p>Toplulu\u011fa kat\u0131lmak i\u00e7in bizimle ileti\u015fime ge\u00e7ebilirsiniz.<\/p>\n\n\n\n<p>Topluluk etkinlikleri herkese a\u00e7\u0131kt\u0131r. Bu kitaplar\u0131 ve 30 binin \u00fczerindeki di\u011fer kitaplar\u0131 k\u00fct\u00fcphanemizden \u00fccretsiz al\u0131p okuyabilirsiniz.<\/p>\n","protected":false},"excerpt":{"rendered":"<p>\u00c7i\u011fdemim Derne\u011fi Edebiyat Toplulu\u011funun faaliyetleri kapsam\u0131nda, 2023-2024 d\u00f6neminde sunumu yap\u0131lacak kitaplar\u0131n listesi a\u015fa\u011f\u0131dad\u0131r.&nbsp; Yeni sezona ilk olarak 30 Ekim 2023 tarihinde, Kemal Tahir\u2019in KURT KANUNU isimli eserinin sunumu ile ba\u015flamay\u0131 planl\u0131yoruz. Siz de\u011ferli kom\u015fular\u0131m\u0131z\u0131n kat\u0131l\u0131m\u0131 ile yine birbirinden g\u00fczel s\u00f6yle\u015filer ger\u00e7ekle\u015ftirece\u011fimizi umuyor; hepinize bol okumal\u0131 g\u00fczel bir yaz tatili diliyoruz. Toplulu\u011fa kat\u0131lmak i\u00e7in bizimle ileti\u015fime [&hellip;]<\/p>\n","protected":false},"author":1,"featured_media":21134,"comment_status":"closed","ping_status":"closed","sticky":false,"template":"","format":"standard","meta":{"footnotes":""},"categories":[504],"tags":[],"class_list":["post-19272","post","type-post","status-publish","format-standard","has-post-thumbnail","hentry","category-eski-duyurular"],"_links":{"self":[{"href":"https:\/\/www.cigdemim.org.tr\/index.php?rest_route=\/wp\/v2\/posts\/19272","targetHints":{"allow":["GET"]}}],"collection":[{"href":"https:\/\/www.cigdemim.org.tr\/index.php?rest_route=\/wp\/v2\/posts"}],"about":[{"href":"https:\/\/www.cigdemim.org.tr\/index.php?rest_route=\/wp\/v2\/types\/post"}],"author":[{"embeddable":true,"href":"https:\/\/www.cigdemim.org.tr\/index.php?rest_route=\/wp\/v2\/users\/1"}],"replies":[{"embeddable":true,"href":"https:\/\/www.cigdemim.org.tr\/index.php?rest_route=%2Fwp%2Fv2%2Fcomments&post=19272"}],"version-history":[{"count":6,"href":"https:\/\/www.cigdemim.org.tr\/index.php?rest_route=\/wp\/v2\/posts\/19272\/revisions"}],"predecessor-version":[{"id":21135,"href":"https:\/\/www.cigdemim.org.tr\/index.php?rest_route=\/wp\/v2\/posts\/19272\/revisions\/21135"}],"wp:featuredmedia":[{"embeddable":true,"href":"https:\/\/www.cigdemim.org.tr\/index.php?rest_route=\/wp\/v2\/media\/21134"}],"wp:attachment":[{"href":"https:\/\/www.cigdemim.org.tr\/index.php?rest_route=%2Fwp%2Fv2%2Fmedia&parent=19272"}],"wp:term":[{"taxonomy":"category","embeddable":true,"href":"https:\/\/www.cigdemim.org.tr\/index.php?rest_route=%2Fwp%2Fv2%2Fcategories&post=19272"},{"taxonomy":"post_tag","embeddable":true,"href":"https:\/\/www.cigdemim.org.tr\/index.php?rest_route=%2Fwp%2Fv2%2Ftags&post=19272"}],"curies":[{"name":"wp","href":"https:\/\/api.w.org\/{rel}","templated":true}]}}