{"id":23002,"date":"2024-08-08T23:21:27","date_gmt":"2024-08-08T20:21:27","guid":{"rendered":"https:\/\/www.cigdemim.org.tr\/?p=23002"},"modified":"2024-08-12T21:57:50","modified_gmt":"2024-08-12T18:57:50","slug":"2-el-ve-uretici-pazari-3","status":"publish","type":"post","link":"https:\/\/www.cigdemim.org.tr\/?p=23002","title":{"rendered":"2.EL VE \u00dcRET\u0130C\u0130 PAZARI"},"content":{"rendered":"\n<figure class=\"wp-block-gallery has-nested-images columns-2 is-cropped wp-block-gallery-1 is-layout-flex wp-block-gallery-is-layout-flex\">\n<figure class=\"wp-block-image size-full\"><a href=\"https:\/\/www.cigdemim.org.tr\/wp-content\/uploads\/2024\/08\/whatsapp-image-2024-08-11-at-170702-1.jpeg\"><img loading=\"lazy\" decoding=\"async\" width=\"1536\" height=\"2048\" data-id=\"23012\" src=\"https:\/\/www.cigdemim.org.tr\/wp-content\/uploads\/2024\/08\/whatsapp-image-2024-08-11-at-170702-1.jpeg\" alt=\"\" class=\"wp-image-23012\" srcset=\"https:\/\/www.cigdemim.org.tr\/wp-content\/uploads\/2024\/08\/whatsapp-image-2024-08-11-at-170702-1.jpeg 1536w, https:\/\/www.cigdemim.org.tr\/wp-content\/uploads\/2024\/08\/whatsapp-image-2024-08-11-at-170702-1-67x89.jpeg 67w, https:\/\/www.cigdemim.org.tr\/wp-content\/uploads\/2024\/08\/whatsapp-image-2024-08-11-at-170702-1-768x1024.jpeg 768w, https:\/\/www.cigdemim.org.tr\/wp-content\/uploads\/2024\/08\/whatsapp-image-2024-08-11-at-170702-1-1152x1536.jpeg 1152w\" sizes=\"auto, (max-width: 1536px) 100vw, 1536px\" \/><\/a><\/figure>\n\n\n\n<figure class=\"wp-block-image size-full\"><a href=\"https:\/\/www.cigdemim.org.tr\/wp-content\/uploads\/2024\/08\/whatsapp-image-2024-08-11-at-170702.jpeg\"><img loading=\"lazy\" decoding=\"async\" width=\"2048\" height=\"1536\" data-id=\"23014\" src=\"https:\/\/www.cigdemim.org.tr\/wp-content\/uploads\/2024\/08\/whatsapp-image-2024-08-11-at-170702.jpeg\" alt=\"\" class=\"wp-image-23014\" srcset=\"https:\/\/www.cigdemim.org.tr\/wp-content\/uploads\/2024\/08\/whatsapp-image-2024-08-11-at-170702.jpeg 2048w, https:\/\/www.cigdemim.org.tr\/wp-content\/uploads\/2024\/08\/whatsapp-image-2024-08-11-at-170702-119x89.jpeg 119w, https:\/\/www.cigdemim.org.tr\/wp-content\/uploads\/2024\/08\/whatsapp-image-2024-08-11-at-170702-768x576.jpeg 768w, https:\/\/www.cigdemim.org.tr\/wp-content\/uploads\/2024\/08\/whatsapp-image-2024-08-11-at-170702-1536x1152.jpeg 1536w\" sizes=\"auto, (max-width: 2048px) 100vw, 2048px\" \/><\/a><\/figure>\n\n\n\n<figure class=\"wp-block-image size-full\"><a href=\"https:\/\/www.cigdemim.org.tr\/wp-content\/uploads\/2024\/08\/whatsapp-image-2024-08-11-at-170703.jpeg\"><img loading=\"lazy\" decoding=\"async\" width=\"1536\" height=\"2048\" data-id=\"23011\" src=\"https:\/\/www.cigdemim.org.tr\/wp-content\/uploads\/2024\/08\/whatsapp-image-2024-08-11-at-170703.jpeg\" alt=\"\" class=\"wp-image-23011\" srcset=\"https:\/\/www.cigdemim.org.tr\/wp-content\/uploads\/2024\/08\/whatsapp-image-2024-08-11-at-170703.jpeg 1536w, https:\/\/www.cigdemim.org.tr\/wp-content\/uploads\/2024\/08\/whatsapp-image-2024-08-11-at-170703-67x89.jpeg 67w, https:\/\/www.cigdemim.org.tr\/wp-content\/uploads\/2024\/08\/whatsapp-image-2024-08-11-at-170703-768x1024.jpeg 768w, https:\/\/www.cigdemim.org.tr\/wp-content\/uploads\/2024\/08\/whatsapp-image-2024-08-11-at-170703-1152x1536.jpeg 1152w\" sizes=\"auto, (max-width: 1536px) 100vw, 1536px\" \/><\/a><\/figure>\n\n\n\n<figure class=\"wp-block-image size-full\"><a href=\"https:\/\/www.cigdemim.org.tr\/wp-content\/uploads\/2024\/08\/whatsapp-image-2024-08-11-at-181503.jpeg\"><img loading=\"lazy\" decoding=\"async\" width=\"1536\" height=\"2048\" data-id=\"23013\" src=\"https:\/\/www.cigdemim.org.tr\/wp-content\/uploads\/2024\/08\/whatsapp-image-2024-08-11-at-181503.jpeg\" alt=\"\" class=\"wp-image-23013\" srcset=\"https:\/\/www.cigdemim.org.tr\/wp-content\/uploads\/2024\/08\/whatsapp-image-2024-08-11-at-181503.jpeg 1536w, https:\/\/www.cigdemim.org.tr\/wp-content\/uploads\/2024\/08\/whatsapp-image-2024-08-11-at-181503-67x89.jpeg 67w, https:\/\/www.cigdemim.org.tr\/wp-content\/uploads\/2024\/08\/whatsapp-image-2024-08-11-at-181503-768x1024.jpeg 768w, https:\/\/www.cigdemim.org.tr\/wp-content\/uploads\/2024\/08\/whatsapp-image-2024-08-11-at-181503-1152x1536.jpeg 1152w\" sizes=\"auto, (max-width: 1536px) 100vw, 1536px\" \/><\/a><\/figure>\n<\/figure>\n\n\n\n<figure class=\"wp-block-image size-full\"><img loading=\"lazy\" decoding=\"async\" width=\"1080\" height=\"1080\" src=\"https:\/\/www.cigdemim.org.tr\/wp-content\/uploads\/2024\/08\/2el-pazari-2.jpg\" alt=\"\" class=\"wp-image-23003\" srcset=\"https:\/\/www.cigdemim.org.tr\/wp-content\/uploads\/2024\/08\/2el-pazari-2.jpg 1080w, https:\/\/www.cigdemim.org.tr\/wp-content\/uploads\/2024\/08\/2el-pazari-2-89x89.jpg 89w, https:\/\/www.cigdemim.org.tr\/wp-content\/uploads\/2024\/08\/2el-pazari-2-768x768.jpg 768w\" sizes=\"auto, (max-width: 1080px) 100vw, 1080px\" \/><\/figure>\n\n\n\n<p>Merhaba sevgili kom\u015fular,<\/p>\n\n\n\n<p>Biliyoruz yaz tatilindeyiz, \u00e7o\u011fumuz tatilde olabilir ama dernekte \u00e7ok miktarda malzememiz birikti. Bu y\u00fczden bir kez daha 2.el ve \u00fcretici pazar\u0131 planlad\u0131k.&nbsp;<\/p>\n\n\n\n<p>11 A\u011fustos 2024 pazar g\u00fcn\u00fc 15.00-19.00 saatleri aras\u0131nda, dernek bah\u00e7emizde yapaca\u011f\u0131m\u0131z etkinlik i\u00e7in 50 TL. kar\u015f\u0131l\u0131\u011f\u0131nda masa alabilirsiniz. Dernek masalar\u0131m\u0131z haricinde 20 masam\u0131z olacak ve ilk ba\u015fvuran ve \u00f6deme yapanlara verilecek. Etkinlik g\u00fcn\u00fcnde bo\u015f yer olursa kendi masalar\u0131yla gelen kom\u015fular\u0131m\u0131za da yard\u0131mc\u0131 olaca\u011f\u0131z.<\/p>\n\n\n\n<p>Kenarda k\u00f6\u015fede birikmi\u015f neyiniz&nbsp;varsa getirip de\u011ferlendirebilir ve stantlardan uygun fiyatlarla al\u0131\u015fveri\u015f yapabilirsiniz.<\/p>\n\n\n\n<p>2. el al\u0131\u015fveri\u015fin toplumsal faydalar\u0131 nelerdir?&nbsp;<\/p>\n\n\n\n<p><strong>&nbsp;&nbsp;&nbsp;&nbsp;&nbsp;&#8211; \u00c7evre dostudur, do\u011fal kaynaklar\u0131n t\u00fcketimini azalt\u0131r.<\/strong><\/p>\n\n\n\n<p>K\u0131yafetler \u00fcretildi\u011fi s\u0131rada bir\u00e7ok \u00e7evresel zarar meydana gelebilir. \u00d6rne\u011fin yaln\u0131zca bir ti\u015f\u00f6rt\u00fcn \u00fcretim s\u00fcrecinde tam 2700 litre su harcan\u0131r. Kaynaklar\u0131m\u0131z\u0131n h\u0131zl\u0131 t\u00fckenmemesini sa\u011flamak ve s\u00fcrd\u00fcr\u00fclebilir bir d\u00fcnya ortaya \u00e7\u0131karmak i\u00e7in k\u0131yafet sat\u0131n al\u0131mlar\u0131na dikkat etmemiz gerekir. Sat\u0131n al\u0131nan ve kullan\u0131lmaktan vazge\u00e7ilen \u00fcr\u00fcnlerin tekrar topluma kazand\u0131r\u0131lmas\u0131 \u00e7evreye b\u00fcy\u00fck katk\u0131 sa\u011flar. \u00dcretim s\u00fcrecinin maliyeti de olduk\u00e7a fazlad\u0131r. Bu nedenle sat\u0131n alaca\u011f\u0131n\u0131z \u00fcr\u00fcnleri ikinci el olarak almak \u00e7evre dostu bir davran\u0131\u015f olacakt\u0131r.<strong>Peki neden 2.el:<\/strong><\/p>\n\n\n\n<p><strong>&nbsp;&nbsp;&nbsp;&nbsp;&nbsp;&#8211; Geri d\u00f6n\u00fc\u015f\u00fcm\u00fc destekler.<\/strong><\/p>\n\n\n\n<p><a href=\"https:\/\/www.diledigince.com\/\"><strong>\u0130kinci el giyim<\/strong><\/a> \u00fcr\u00fcnlerini sat\u0131n almak, s\u00fcrd\u00fcr\u00fclebilir bir d\u00fcnya olu\u015fturmaya ve yerel ekonomiye katk\u0131 sa\u011flar. Sat\u0131n al\u0131p kullanmaktan vazge\u00e7ti\u011finiz \u00fcr\u00fcnleri satarak ba\u015fkalar\u0131n\u0131n kullanmas\u0131na olanak tan\u0131yarak \u00fcr\u00fcn\u00fcn \u00e7\u00f6pe gitmesini engelleyebilirsiniz. \u0130htiyac\u0131n\u0131z olan \u00fcr\u00fcnleri ikinci el olarak sat\u0131n ald\u0131\u011f\u0131n\u0131zda da ayn\u0131 \u015fekilde \u00fcr\u00fcnlerin geri d\u00f6n\u00fc\u015ft\u00fcr\u00fclmesini ve tekrar kullan\u0131lmas\u0131n\u0131 sa\u011flam\u0131\u015f olursunuz.<\/p>\n\n\n\n<p><strong>&nbsp;&nbsp;&nbsp;&nbsp;&nbsp;&#8211; Kaliteli \u00fcr\u00fcnleri uygun fiyatlarla sat\u0131n alabilirsiniz.<\/strong><\/p>\n\n\n\n<p>Birbirinden kaliteli markalar\u0131n pahal\u0131 \u00fcr\u00fcnlerini ikinci el olarak sat\u0131n alabilir hem kendi cebinize hem de topluma katk\u0131 sa\u011flam\u0131\u015f olursunuz. Normal \u015fartlarda fiyatlar\u0131 y\u00fcksek oldu\u011fu i\u00e7in almaktan ka\u00e7\u0131nd\u0131\u011f\u0131n\u0131z \u00fcr\u00fcnler ikinci el olarak sat\u0131ld\u0131\u011f\u0131nda cebinize zarar vermeden bu \u00fcr\u00fcnleri sat\u0131n alabilirsiniz. \u0130kinci el \u00fcr\u00fcn sat\u0131n almak tasarruf sa\u011flar ve birikim yapmaya olanak tan\u0131r.&nbsp;<\/p>\n\n\n\n<p><strong>&nbsp;&nbsp;&nbsp;&nbsp;&nbsp;&#8211; E\u015fsiz \u00fcr\u00fcnlere ula\u015fabilirsiniz.<\/strong><\/p>\n\n\n\n<p>\u0130kinci el \u00fcr\u00fcnler uzun y\u0131llar boyunca dolapta tutulmu\u015f ve tekrar moda haline gelen \u00fcr\u00fcnler olabilir. Bu sebeple kimsenin ula\u015famayaca\u011f\u0131 e\u015fsiz par\u00e7alar\u0131 ikinci el olarak sat\u0131n alabilir, t\u00fcm dikkatleri \u00fczerinize \u00e7ekebilirsiniz.&nbsp;<\/p>\n\n\n\n<p><strong>&nbsp;&nbsp;&nbsp;&nbsp;&nbsp;&#8211; \u0130kinci el \u00fcr\u00fcn al\u0131\u015fveri\u015fine te\u015fvik edersiniz.<\/strong><\/p>\n\n\n\n<p>Sat\u0131n ald\u0131\u011f\u0131n\u0131z bir \u00fcr\u00fcn be\u011fenildi\u011finde ve nereden ald\u0131\u011f\u0131n\u0131z soruldu\u011funda verdi\u011finiz cevap etraf\u0131n\u0131zdaki ki\u015fileri de ikinci el al\u0131\u015fveri\u015fe te\u015fvik edebilir. B\u00f6ylece topluma ve \u00e7evreye sa\u011flad\u0131\u011f\u0131n\u0131z katk\u0131 artm\u0131\u015f olur.<\/p>\n","protected":false},"excerpt":{"rendered":"<p>Merhaba sevgili kom\u015fular, Biliyoruz yaz tatilindeyiz, \u00e7o\u011fumuz tatilde olabilir ama dernekte \u00e7ok miktarda malzememiz birikti. Bu y\u00fczden bir kez daha 2.el ve \u00fcretici pazar\u0131 planlad\u0131k.&nbsp; 11 A\u011fustos 2024 pazar g\u00fcn\u00fc 15.00-19.00 saatleri aras\u0131nda, dernek bah\u00e7emizde yapaca\u011f\u0131m\u0131z etkinlik i\u00e7in 50 TL. kar\u015f\u0131l\u0131\u011f\u0131nda masa alabilirsiniz. Dernek masalar\u0131m\u0131z haricinde 20 masam\u0131z olacak ve ilk ba\u015fvuran ve \u00f6deme yapanlara [&hellip;]<\/p>\n","protected":false},"author":1,"featured_media":23003,"comment_status":"closed","ping_status":"closed","sticky":false,"template":"","format":"standard","meta":{"footnotes":""},"categories":[504,497],"tags":[],"class_list":["post-23002","post","type-post","status-publish","format-standard","has-post-thumbnail","hentry","category-eski-duyurular","category-biten"],"_links":{"self":[{"href":"https:\/\/www.cigdemim.org.tr\/index.php?rest_route=\/wp\/v2\/posts\/23002","targetHints":{"allow":["GET"]}}],"collection":[{"href":"https:\/\/www.cigdemim.org.tr\/index.php?rest_route=\/wp\/v2\/posts"}],"about":[{"href":"https:\/\/www.cigdemim.org.tr\/index.php?rest_route=\/wp\/v2\/types\/post"}],"author":[{"embeddable":true,"href":"https:\/\/www.cigdemim.org.tr\/index.php?rest_route=\/wp\/v2\/users\/1"}],"replies":[{"embeddable":true,"href":"https:\/\/www.cigdemim.org.tr\/index.php?rest_route=%2Fwp%2Fv2%2Fcomments&post=23002"}],"version-history":[{"count":2,"href":"https:\/\/www.cigdemim.org.tr\/index.php?rest_route=\/wp\/v2\/posts\/23002\/revisions"}],"predecessor-version":[{"id":23015,"href":"https:\/\/www.cigdemim.org.tr\/index.php?rest_route=\/wp\/v2\/posts\/23002\/revisions\/23015"}],"wp:featuredmedia":[{"embeddable":true,"href":"https:\/\/www.cigdemim.org.tr\/index.php?rest_route=\/wp\/v2\/media\/23003"}],"wp:attachment":[{"href":"https:\/\/www.cigdemim.org.tr\/index.php?rest_route=%2Fwp%2Fv2%2Fmedia&parent=23002"}],"wp:term":[{"taxonomy":"category","embeddable":true,"href":"https:\/\/www.cigdemim.org.tr\/index.php?rest_route=%2Fwp%2Fv2%2Fcategories&post=23002"},{"taxonomy":"post_tag","embeddable":true,"href":"https:\/\/www.cigdemim.org.tr\/index.php?rest_route=%2Fwp%2Fv2%2Ftags&post=23002"}],"curies":[{"name":"wp","href":"https:\/\/api.w.org\/{rel}","templated":true}]}}