{"id":25729,"date":"2025-08-09T21:18:48","date_gmt":"2025-08-09T18:18:48","guid":{"rendered":"https:\/\/www.cigdemim.org.tr\/?p=25729"},"modified":"2025-10-03T21:33:15","modified_gmt":"2025-10-03T18:33:15","slug":"yangin","status":"publish","type":"post","link":"https:\/\/www.cigdemim.org.tr\/?p=25729","title":{"rendered":"YANGIN"},"content":{"rendered":"\n<p>Bug\u00fcn ( 9.8.25 cumartesi) saat 14.30 civar\u0131nda, \u015eirindere den duman geliyor diye bir kom\u015fumuzun aramas\u0131yla \u015eirindere&#8217;ye gittik. Oraya gitti\u011fimizde derenin en sonundaki 2 eve yang\u0131n\u0131n ula\u015fmak \u00fczere oldu\u011funu g\u00f6rd\u00fck ve hemen oradaki bir ka\u00e7 ki\u015fiyle birlikte, dal k\u0131rarak m\u00fcdahale etmeye ba\u015flad\u0131k. \u0130tfaiye, Orman ve ODT\u00dc yetkililerini haberdar ettik ve yang\u0131n\u0131n ODT\u00dc orman\u0131na do\u011fru ilerledi\u011fini s\u00f6yleyerek ekipleri y\u00f6nlendirmeye \u00e7al\u0131\u015ft\u0131k.<br>\u0130ki eve yang\u0131n\u0131n ula\u015fmas\u0131n\u0131 engelledikten sonra b\u00f6lgedeki trafoya yang\u0131n\u0131n ula\u015fmamas\u0131 i\u00e7in m\u00fcdahaleye devam ettik. Bu arada ilk itfaiye ekibi alana geldi ve \u00e7al\u0131\u015fmaya ba\u015flad\u0131. Yukar\u0131dan \u00c7aml\u0131k Sitesinden ormana giri\u015f kap\u0131s\u0131 da a\u00e7\u0131ld\u0131 ve bir itfaiye ekibi de oradan girerek yang\u0131n\u0131 \u00e7amlara ula\u015fmadan kontrol alt\u0131na ald\u0131. Maalesef Ba\u015fkent Sitesinin kar\u015f\u0131s\u0131ndaki yang\u0131n kap\u0131s\u0131ndan girmeye \u00e7al\u0131\u015fan itfaiye kap\u0131n\u0131n a\u00e7\u0131lamamas\u0131 \u00fczerine olduk\u00e7a gecikti. kap\u0131y\u0131 a\u00e7amad\u0131lar, muhtemelen kilidi de\u011fi\u015ftirildi. Neyse ki balyozla k\u0131rarak girmeyi ba\u015fard\u0131lar.<br>Yang\u0131n\u0131n \u00e7\u0131k\u0131\u015f nedeninin kundaklama oldu\u011fu tahmin ediliyor hem karakol hem ter\u00f6rle m\u00fccadele ekipleri ara\u015ft\u0131rmaya ba\u015flad\u0131lar. Bir g\u00f6rg\u00fc tan\u0131\u011f\u0131 beyaz bir ara\u00e7tan inen bir ki\u015finin yang\u0131n \u00e7\u0131kard\u0131\u011f\u0131n\u0131 s\u00f6yledi, o yang\u0131n s\u00f6nd\u00fcr\u00fcl\u00fcrken de di\u011fer tarafa s\u0131\u00e7ram\u0131\u015f.<br>\u0130lk m\u00fcdahaleyi D\u00fcnya bir sitesinden gen\u00e7 bir kom\u015fumuz, ben ve \u015firindereden iki kom\u015fumuz ile muhtar\u0131m\u0131z \u00d6zlem han\u0131m yapt\u0131k. \u00d6ncelikle o arkada\u015flara \u00e7ok te\u015fekk\u00fcr ediyoruz. Sonras\u0131nda \u00e7aml\u0131k sitesi kap\u0131s\u0131ndan giren kom\u015fular\u0131m\u0131zda yang\u0131n\u0131n oraya s\u0131\u00e7ramamas\u0131 i\u00e7in gayret sarfettiler. \u00d6zellikle site g\u00f6revlisi G\u00fcrsel bey hortumla m\u00fcdahale etti orada. Yang\u0131n b\u00f6lgesinden \u00e7\u0131kard\u0131\u011f\u0131m\u0131z bir kaplumba\u011fay\u0131 da serinlettik o hortumla. Muhtar\u0131m\u0131zla birlikte o alanda bulunan ar\u0131 kovanlar\u0131na da yang\u0131n\u0131n ula\u015fmas\u0131n\u0131 engelledik.<br>Ankara \u0130tfaiyesine, \u00f6zellikle Dikmen B\u00f6lgesi birinci ekibe \u00e7ok te\u015fekk\u00fcrler. \u0130lk ula\u015fan onlar oldu.<br>Bir te\u015fekk\u00fcrde alanda bir ihtiyac\u0131n\u0131z var m\u0131 diye sorup espresso arac\u0131l\u0131\u011f\u0131yla su ve ayran yollayan kom\u015fumuz Hilal T\u00fcrker&#8217;e. Ger\u00e7ekten bu t\u00fcr lojistik desteklere \u00e7ok ihtiya\u00e7 oluyor.<br>\u015eirindere&#8217;nin gen\u00e7lerine ba\u015fta muhtarl\u0131k azam\u0131z Yunus olmak \u00fczere \u00e7ok te\u015fekk\u00fcrler zira itfaiyecilerin hortumlar\u0131n\u0131 ta\u015f\u0131makta \u00e7ok yard\u0131mlar\u0131 oldu.<br>Ge\u00e7en y\u0131l kurdu\u011fumuz MAG \u00c7i\u011fdem (Mahalle Afet G\u00f6n\u00fcll\u00fcleri) in ne kadar gerekli oldu\u011funu ya\u015fayarak g\u00f6rd\u00fck. Bu ekibin geni\u015fleyerek daha donan\u0131ml\u0131 hale gelmesi gerekiyor. \u00d6zellikle gen\u00e7 arkada\u015flar\u0131m\u0131zdan bu konuda katk\u0131 bekliyoruz.<br>Velhas\u0131l daha k\u00f6t\u00fc sonu\u00e7lar do\u011furabilecek bir yang\u0131n\u0131 gene de \u00e7ok ucuz atlatt\u0131k. Birlikte G\u00fc\u00e7l\u00fcy\u00fcz diyor ve destek olan herkese te\u015fekk\u00fcr ediyoruz.<\/p>\n\n\n\n<p><a href=\"https:\/\/www.instagram.com\/reel\/DNI3G-OqQek\/?igsh=MXVrcmR2ZTJkdW50MA==\">https:\/\/www.instagram.com\/reel\/DNI3G-OqQek\/?igsh=MXVrcmR2ZTJkdW50MA==<\/a><\/p>\n\n\n\n<figure class=\"wp-block-gallery has-nested-images columns-2 is-cropped wp-block-gallery-1 is-layout-flex wp-block-gallery-is-layout-flex\">\n<figure class=\"wp-block-image size-full\"><img loading=\"lazy\" decoding=\"async\" width=\"900\" height=\"1600\" data-id=\"25730\" src=\"https:\/\/www.cigdemim.org.tr\/wp-content\/uploads\/2025\/08\/whatsapp-image-2025-08-09-at-195826.jpeg\" alt=\"\" class=\"wp-image-25730\" srcset=\"https:\/\/www.cigdemim.org.tr\/wp-content\/uploads\/2025\/08\/whatsapp-image-2025-08-09-at-195826.jpeg 900w, https:\/\/www.cigdemim.org.tr\/wp-content\/uploads\/2025\/08\/whatsapp-image-2025-08-09-at-195826-50x89.jpeg 50w, https:\/\/www.cigdemim.org.tr\/wp-content\/uploads\/2025\/08\/whatsapp-image-2025-08-09-at-195826-768x1365.jpeg 768w, https:\/\/www.cigdemim.org.tr\/wp-content\/uploads\/2025\/08\/whatsapp-image-2025-08-09-at-195826-864x1536.jpeg 864w\" sizes=\"auto, (max-width: 900px) 100vw, 900px\" \/><\/figure>\n\n\n\n<figure class=\"wp-block-image size-full\"><img loading=\"lazy\" decoding=\"async\" width=\"1200\" height=\"1600\" data-id=\"25733\" src=\"https:\/\/www.cigdemim.org.tr\/wp-content\/uploads\/2025\/08\/whatsapp-image-2025-08-09-at-195827.jpeg\" alt=\"\" class=\"wp-image-25733\" srcset=\"https:\/\/www.cigdemim.org.tr\/wp-content\/uploads\/2025\/08\/whatsapp-image-2025-08-09-at-195827.jpeg 1200w, https:\/\/www.cigdemim.org.tr\/wp-content\/uploads\/2025\/08\/whatsapp-image-2025-08-09-at-195827-67x89.jpeg 67w, https:\/\/www.cigdemim.org.tr\/wp-content\/uploads\/2025\/08\/whatsapp-image-2025-08-09-at-195827-768x1024.jpeg 768w, https:\/\/www.cigdemim.org.tr\/wp-content\/uploads\/2025\/08\/whatsapp-image-2025-08-09-at-195827-1152x1536.jpeg 1152w\" sizes=\"auto, (max-width: 1200px) 100vw, 1200px\" \/><\/figure>\n\n\n\n<figure class=\"wp-block-image size-full\"><img loading=\"lazy\" decoding=\"async\" width=\"1170\" height=\"1584\" data-id=\"25731\" src=\"https:\/\/www.cigdemim.org.tr\/wp-content\/uploads\/2025\/08\/whatsapp-image-2025-08-09-at-195935.jpeg\" alt=\"\" class=\"wp-image-25731\" srcset=\"https:\/\/www.cigdemim.org.tr\/wp-content\/uploads\/2025\/08\/whatsapp-image-2025-08-09-at-195935.jpeg 1170w, https:\/\/www.cigdemim.org.tr\/wp-content\/uploads\/2025\/08\/whatsapp-image-2025-08-09-at-195935-66x89.jpeg 66w, https:\/\/www.cigdemim.org.tr\/wp-content\/uploads\/2025\/08\/whatsapp-image-2025-08-09-at-195935-768x1040.jpeg 768w, https:\/\/www.cigdemim.org.tr\/wp-content\/uploads\/2025\/08\/whatsapp-image-2025-08-09-at-195935-1135x1536.jpeg 1135w\" sizes=\"auto, (max-width: 1170px) 100vw, 1170px\" \/><\/figure>\n\n\n\n<figure class=\"wp-block-image size-full\"><img loading=\"lazy\" decoding=\"async\" width=\"1200\" height=\"1600\" data-id=\"25732\" src=\"https:\/\/www.cigdemim.org.tr\/wp-content\/uploads\/2025\/08\/whatsapp-image-2025-08-09-at-195814.jpeg\" alt=\"\" class=\"wp-image-25732\" srcset=\"https:\/\/www.cigdemim.org.tr\/wp-content\/uploads\/2025\/08\/whatsapp-image-2025-08-09-at-195814.jpeg 1200w, https:\/\/www.cigdemim.org.tr\/wp-content\/uploads\/2025\/08\/whatsapp-image-2025-08-09-at-195814-67x89.jpeg 67w, https:\/\/www.cigdemim.org.tr\/wp-content\/uploads\/2025\/08\/whatsapp-image-2025-08-09-at-195814-768x1024.jpeg 768w, https:\/\/www.cigdemim.org.tr\/wp-content\/uploads\/2025\/08\/whatsapp-image-2025-08-09-at-195814-1152x1536.jpeg 1152w\" sizes=\"auto, (max-width: 1200px) 100vw, 1200px\" \/><\/figure>\n\n\n\n<figure class=\"wp-block-image size-full\"><img loading=\"lazy\" decoding=\"async\" width=\"1600\" height=\"1200\" data-id=\"25734\" src=\"https:\/\/www.cigdemim.org.tr\/wp-content\/uploads\/2025\/08\/whatsapp-image-2025-08-09-at-195758.jpeg\" alt=\"\" class=\"wp-image-25734\" srcset=\"https:\/\/www.cigdemim.org.tr\/wp-content\/uploads\/2025\/08\/whatsapp-image-2025-08-09-at-195758.jpeg 1600w, https:\/\/www.cigdemim.org.tr\/wp-content\/uploads\/2025\/08\/whatsapp-image-2025-08-09-at-195758-119x89.jpeg 119w, https:\/\/www.cigdemim.org.tr\/wp-content\/uploads\/2025\/08\/whatsapp-image-2025-08-09-at-195758-768x576.jpeg 768w, https:\/\/www.cigdemim.org.tr\/wp-content\/uploads\/2025\/08\/whatsapp-image-2025-08-09-at-195758-1536x1152.jpeg 1536w\" sizes=\"auto, (max-width: 1600px) 100vw, 1600px\" \/><\/figure>\n\n\n\n<figure class=\"wp-block-image size-full\"><img loading=\"lazy\" decoding=\"async\" width=\"1521\" height=\"1600\" data-id=\"25735\" src=\"https:\/\/www.cigdemim.org.tr\/wp-content\/uploads\/2025\/08\/whatsapp-image-2025-08-09-at-180606.jpeg\" alt=\"\" class=\"wp-image-25735\" srcset=\"https:\/\/www.cigdemim.org.tr\/wp-content\/uploads\/2025\/08\/whatsapp-image-2025-08-09-at-180606.jpeg 1521w, https:\/\/www.cigdemim.org.tr\/wp-content\/uploads\/2025\/08\/whatsapp-image-2025-08-09-at-180606-85x89.jpeg 85w, https:\/\/www.cigdemim.org.tr\/wp-content\/uploads\/2025\/08\/whatsapp-image-2025-08-09-at-180606-768x808.jpeg 768w, https:\/\/www.cigdemim.org.tr\/wp-content\/uploads\/2025\/08\/whatsapp-image-2025-08-09-at-180606-1460x1536.jpeg 1460w\" sizes=\"auto, (max-width: 1521px) 100vw, 1521px\" \/><\/figure>\n<\/figure>\n\n\n\n<figure class=\"wp-block-video\"><video autoplay controls muted src=\"https:\/\/www.cigdemim.org.tr\/wp-content\/uploads\/2025\/08\/whatsapp-video-2025-08-09-at-195836.mp4\"><\/video><\/figure>\n","protected":false},"excerpt":{"rendered":"<p>Bug\u00fcn ( 9.8.25 cumartesi) saat 14.30 civar\u0131nda, \u015eirindere den duman geliyor diye bir kom\u015fumuzun aramas\u0131yla \u015eirindere&#8217;ye gittik. Oraya gitti\u011fimizde derenin en sonundaki 2 eve yang\u0131n\u0131n ula\u015fmak \u00fczere oldu\u011funu g\u00f6rd\u00fck ve hemen oradaki bir ka\u00e7 ki\u015fiyle birlikte, dal k\u0131rarak m\u00fcdahale etmeye ba\u015flad\u0131k. \u0130tfaiye, Orman ve ODT\u00dc yetkililerini haberdar ettik ve yang\u0131n\u0131n ODT\u00dc orman\u0131na do\u011fru ilerledi\u011fini s\u00f6yleyerek [&hellip;]<\/p>\n","protected":false},"author":1,"featured_media":25739,"comment_status":"closed","ping_status":"closed","sticky":false,"template":"","format":"standard","meta":{"footnotes":""},"categories":[504],"tags":[],"class_list":["post-25729","post","type-post","status-publish","format-standard","has-post-thumbnail","hentry","category-eski-duyurular"],"_links":{"self":[{"href":"https:\/\/www.cigdemim.org.tr\/index.php?rest_route=\/wp\/v2\/posts\/25729","targetHints":{"allow":["GET"]}}],"collection":[{"href":"https:\/\/www.cigdemim.org.tr\/index.php?rest_route=\/wp\/v2\/posts"}],"about":[{"href":"https:\/\/www.cigdemim.org.tr\/index.php?rest_route=\/wp\/v2\/types\/post"}],"author":[{"embeddable":true,"href":"https:\/\/www.cigdemim.org.tr\/index.php?rest_route=\/wp\/v2\/users\/1"}],"replies":[{"embeddable":true,"href":"https:\/\/www.cigdemim.org.tr\/index.php?rest_route=%2Fwp%2Fv2%2Fcomments&post=25729"}],"version-history":[{"count":1,"href":"https:\/\/www.cigdemim.org.tr\/index.php?rest_route=\/wp\/v2\/posts\/25729\/revisions"}],"predecessor-version":[{"id":25738,"href":"https:\/\/www.cigdemim.org.tr\/index.php?rest_route=\/wp\/v2\/posts\/25729\/revisions\/25738"}],"wp:featuredmedia":[{"embeddable":true,"href":"https:\/\/www.cigdemim.org.tr\/index.php?rest_route=\/wp\/v2\/media\/25739"}],"wp:attachment":[{"href":"https:\/\/www.cigdemim.org.tr\/index.php?rest_route=%2Fwp%2Fv2%2Fmedia&parent=25729"}],"wp:term":[{"taxonomy":"category","embeddable":true,"href":"https:\/\/www.cigdemim.org.tr\/index.php?rest_route=%2Fwp%2Fv2%2Fcategories&post=25729"},{"taxonomy":"post_tag","embeddable":true,"href":"https:\/\/www.cigdemim.org.tr\/index.php?rest_route=%2Fwp%2Fv2%2Ftags&post=25729"}],"curies":[{"name":"wp","href":"https:\/\/api.w.org\/{rel}","templated":true}]}}